{"id":3279,"date":"2021-03-09T10:00:43","date_gmt":"2021-03-09T13:00:43","guid":{"rendered":"https:\/\/wp.ufpel.edu.br\/ppgcienciapolitica\/?p=3279"},"modified":"2021-03-08T17:00:11","modified_gmt":"2021-03-08T20:00:11","slug":"egresso-do-mestrado-do-ppgcpol-publica-livro-baseado-em-sua-dissertacao","status":"publish","type":"post","link":"https:\/\/wp.ufpel.edu.br\/ppgcienciapolitica\/egresso-do-mestrado-do-ppgcpol-publica-livro-baseado-em-sua-dissertacao\/","title":{"rendered":"Egresso do mestrado do PPGCPOL publica livro baseado em sua disserta\u00e7\u00e3o"},"content":{"rendered":"<p><a href=\"https:\/\/wp.ufpel.edu.br\/ppgcienciapolitica\/files\/2021\/03\/Os-trabalhadores-no-poder.jpg\"><img class=\"wp-image-3280 aligncenter\" src=\"https:\/\/wp.ufpel.edu.br\/ppgcienciapolitica\/files\/2021\/03\/Os-trabalhadores-no-poder.jpg\" alt=\"\" width=\"439\" height=\"417\" srcset=\"https:\/\/wp.ufpel.edu.br\/ppgcienciapolitica\/files\/2021\/03\/Os-trabalhadores-no-poder.jpg 1200w, https:\/\/wp.ufpel.edu.br\/ppgcienciapolitica\/files\/2021\/03\/Os-trabalhadores-no-poder-400x380.jpg 400w, https:\/\/wp.ufpel.edu.br\/ppgcienciapolitica\/files\/2021\/03\/Os-trabalhadores-no-poder-1024x973.jpg 1024w, https:\/\/wp.ufpel.edu.br\/ppgcienciapolitica\/files\/2021\/03\/Os-trabalhadores-no-poder-768x730.jpg 768w\" sizes=\"(max-width: 439px) 100vw, 439px\" \/><\/a><\/p>\n<p style=\"text-align: justify\">Daniel de Souza Lemos, egresso do PPGCPOL, publica livro baseado em sua disserta\u00e7\u00e3o, defendida em 2015 junto ao Programa e orientada pelo professor Alvaro Barreto, que escreve o texto de apresenta\u00e7\u00e3o da obra. Intitulado &#8220;Os trabalhadores no poder: os prefeitos eleitos pelo PT ga\u00facho (1988-2012)&#8221;, o livro foi publicado pela Editora Appris (Curitiba).<\/p>\n","protected":false},"excerpt":{"rendered":"<p>Daniel de Souza Lemos, egresso do PPGCPOL, publica livro baseado em sua disserta\u00e7\u00e3o, defendida em 2015 junto ao Programa e orientada pelo professor Alvaro Barreto, que escreve o texto de apresenta\u00e7\u00e3o da obra. Intitulado &#8220;Os trabalhadores no poder: os prefeitos eleitos pelo PT ga\u00facho (1988-2012)&#8221;, o livro foi publicado pela Editora Appris (Curitiba).<\/p>\n","protected":false},"author":555,"featured_media":0,"comment_status":"closed","ping_status":"closed","sticky":false,"template":"","format":"standard","meta":{"_jetpack_memberships_contains_paid_content":false,"footnotes":""},"categories":[12],"tags":[],"class_list":["post-3279","post","type-post","status-publish","format-standard","hentry","category-sem-categoria-pt"],"jetpack_featured_media_url":"","jetpack_sharing_enabled":true,"_links":{"self":[{"href":"https:\/\/wp.ufpel.edu.br\/ppgcienciapolitica\/wp-json\/wp\/v2\/posts\/3279","targetHints":{"allow":["GET"]}}],"collection":[{"href":"https:\/\/wp.ufpel.edu.br\/ppgcienciapolitica\/wp-json\/wp\/v2\/posts"}],"about":[{"href":"https:\/\/wp.ufpel.edu.br\/ppgcienciapolitica\/wp-json\/wp\/v2\/types\/post"}],"author":[{"embeddable":true,"href":"https:\/\/wp.ufpel.edu.br\/ppgcienciapolitica\/wp-json\/wp\/v2\/users\/555"}],"replies":[{"embeddable":true,"href":"https:\/\/wp.ufpel.edu.br\/ppgcienciapolitica\/wp-json\/wp\/v2\/comments?post=3279"}],"version-history":[{"count":1,"href":"https:\/\/wp.ufpel.edu.br\/ppgcienciapolitica\/wp-json\/wp\/v2\/posts\/3279\/revisions"}],"predecessor-version":[{"id":3281,"href":"https:\/\/wp.ufpel.edu.br\/ppgcienciapolitica\/wp-json\/wp\/v2\/posts\/3279\/revisions\/3281"}],"wp:attachment":[{"href":"https:\/\/wp.ufpel.edu.br\/ppgcienciapolitica\/wp-json\/wp\/v2\/media?parent=3279"}],"wp:term":[{"taxonomy":"category","embeddable":true,"href":"https:\/\/wp.ufpel.edu.br\/ppgcienciapolitica\/wp-json\/wp\/v2\/categories?post=3279"},{"taxonomy":"post_tag","embeddable":true,"href":"https:\/\/wp.ufpel.edu.br\/ppgcienciapolitica\/wp-json\/wp\/v2\/tags?post=3279"}],"curies":[{"name":"wp","href":"https:\/\/api.w.org\/{rel}","templated":true}]}}