{"id":3240,"date":"2021-02-26T11:42:07","date_gmt":"2021-02-26T14:42:07","guid":{"rendered":"https:\/\/wp.ufpel.edu.br\/ppgcienciapolitica\/?p=3240"},"modified":"2021-02-26T11:42:07","modified_gmt":"2021-02-26T14:42:07","slug":"selecao-de-candidaturas-pdse-capes-2021-2022-inscricoes","status":"publish","type":"post","link":"https:\/\/wp.ufpel.edu.br\/ppgcienciapolitica\/selecao-de-candidaturas-pdse-capes-2021-2022-inscricoes\/","title":{"rendered":"Sele\u00e7\u00e3o de candidaturas \u2013 PDSE\/CAPES 2021-2022 &#8211; Inscri\u00e7\u00f5es"},"content":{"rendered":"<p style=\"text-align: justify\">Em aten\u00e7\u00e3o ao Edital n\u00ba 19\/2020 do PDSE\/CAPES, ao Edital n\u00ba 03\/2020 da PRPPGI\/UFPel e ao Edital n\u00ba 128\/2020 do PPGCPOL\/UFPel, todos estabelecendo as regras e procedimentos para a sele\u00e7\u00e3o de candidaturas ao Programa de Doutorado Sandu\u00edche no Exterior (PDSE), o Coordenador do PPGCPOL vem a p\u00fablico informar o que segue:<\/p>\n<ol style=\"text-align: justify\">\n<li>Que o prazo de recep\u00e7\u00e3o de candidaturas para sele\u00e7\u00e3o interna ao PDSE\/CAPES 2021-2022, conforme item 4 do Edital n\u00ba 128\/2020, se esgotava \u00e0s 23h59min. do dia 20\/02\/2021;<\/li>\n<li>Que nenhuma candidatura foi inscrita para concorrer ao Edital de Sele\u00e7\u00e3o;<\/li>\n<li>Que, diante da aus\u00eancia de candidaturas, n\u00e3o h\u00e1 homologa\u00e7\u00e3o a ser realizada, tampouco se faz necess\u00e1ria a constitui\u00e7\u00e3o de uma Comiss\u00e3o de Sele\u00e7\u00e3o.<\/li>\n<\/ol>\n<p style=\"text-align: justify\">N\u00e3o havendo nada mais a ser publicizado no que se refere ao tema, subscrevo a presente publica\u00e7\u00e3o.<\/p>\n<p style=\"text-align: justify\">\n<p style=\"text-align: justify\">Prof. Dr. Carlos Artur Gallo<\/p>\n<p style=\"text-align: justify\">Coordenador | PPGCPOL<\/p>\n","protected":false},"excerpt":{"rendered":"<p>Em aten\u00e7\u00e3o ao Edital n\u00ba 19\/2020 do PDSE\/CAPES, ao Edital n\u00ba 03\/2020 da PRPPGI\/UFPel e ao Edital n\u00ba 128\/2020 do PPGCPOL\/UFPel, todos estabelecendo as regras e procedimentos para a sele\u00e7\u00e3o de candidaturas ao Programa de Doutorado Sandu\u00edche no Exterior (PDSE), o Coordenador do PPGCPOL vem a p\u00fablico informar o que segue: Que o prazo de [&hellip;]<\/p>\n","protected":false},"author":555,"featured_media":0,"comment_status":"closed","ping_status":"closed","sticky":false,"template":"","format":"standard","meta":{"_jetpack_memberships_contains_paid_content":false,"footnotes":""},"categories":[12],"tags":[],"class_list":["post-3240","post","type-post","status-publish","format-standard","hentry","category-sem-categoria-pt"],"jetpack_featured_media_url":"","jetpack_sharing_enabled":true,"_links":{"self":[{"href":"https:\/\/wp.ufpel.edu.br\/ppgcienciapolitica\/wp-json\/wp\/v2\/posts\/3240","targetHints":{"allow":["GET"]}}],"collection":[{"href":"https:\/\/wp.ufpel.edu.br\/ppgcienciapolitica\/wp-json\/wp\/v2\/posts"}],"about":[{"href":"https:\/\/wp.ufpel.edu.br\/ppgcienciapolitica\/wp-json\/wp\/v2\/types\/post"}],"author":[{"embeddable":true,"href":"https:\/\/wp.ufpel.edu.br\/ppgcienciapolitica\/wp-json\/wp\/v2\/users\/555"}],"replies":[{"embeddable":true,"href":"https:\/\/wp.ufpel.edu.br\/ppgcienciapolitica\/wp-json\/wp\/v2\/comments?post=3240"}],"version-history":[{"count":1,"href":"https:\/\/wp.ufpel.edu.br\/ppgcienciapolitica\/wp-json\/wp\/v2\/posts\/3240\/revisions"}],"predecessor-version":[{"id":3241,"href":"https:\/\/wp.ufpel.edu.br\/ppgcienciapolitica\/wp-json\/wp\/v2\/posts\/3240\/revisions\/3241"}],"wp:attachment":[{"href":"https:\/\/wp.ufpel.edu.br\/ppgcienciapolitica\/wp-json\/wp\/v2\/media?parent=3240"}],"wp:term":[{"taxonomy":"category","embeddable":true,"href":"https:\/\/wp.ufpel.edu.br\/ppgcienciapolitica\/wp-json\/wp\/v2\/categories?post=3240"},{"taxonomy":"post_tag","embeddable":true,"href":"https:\/\/wp.ufpel.edu.br\/ppgcienciapolitica\/wp-json\/wp\/v2\/tags?post=3240"}],"curies":[{"name":"wp","href":"https:\/\/api.w.org\/{rel}","templated":true}]}}