{"id":3177,"date":"2020-12-17T09:45:34","date_gmt":"2020-12-17T12:45:34","guid":{"rendered":"https:\/\/wp.ufpel.edu.br\/ppgcienciapolitica\/?p=3177"},"modified":"2020-12-17T09:45:34","modified_gmt":"2020-12-17T12:45:34","slug":"noticia-sobre-as-selecoes-de-mestrado-e-doutorado-turmas-2021","status":"publish","type":"post","link":"https:\/\/wp.ufpel.edu.br\/ppgcienciapolitica\/noticia-sobre-as-selecoes-de-mestrado-e-doutorado-turmas-2021\/","title":{"rendered":"Not\u00edcia sobre as sele\u00e7\u00f5es de Mestrado e Doutorado &#8211; Turmas 2021"},"content":{"rendered":"<p style=\"text-align: justify\">Informamos \u00e0s\/aos interessados que a previs\u00e3o \u00e9 que as sele\u00e7\u00f5es de Mestrado e Doutorado para o ingresso das Turmas de 2021 do nosso Programa ser\u00e3o realizadas durante o primeiro semestre de 2021.<\/p>\n<p style=\"text-align: justify\"><strong>As datas definitivas do processo seletivo ser\u00e3o definidas somente quando o novo calend\u00e1rio da Universidade for aprovado.<\/strong><\/p>\n<p style=\"text-align: justify\">Assim que tivermos mais detalhes sobre o processo seletivo, iremos divulgar.<\/p>\n<p style=\"text-align: justify\">\n<p style=\"text-align: justify\"><strong>Neste momento, divulgamos a composi\u00e7\u00e3o das Comiss\u00f5es de Sele\u00e7\u00e3o:<\/strong><\/p>\n<p style=\"text-align: justify\">Na sele\u00e7\u00e3o do Mestrado: Alvaro Barreto (presidente), Daniel de Mendon\u00e7a e Rosangela Schulz. Suplente: Claudio Leivas.<\/p>\n<p style=\"text-align: justify\">Na sele\u00e7\u00e3o do Doutorado: Carlos Artur Gallo (presidente), Bianca Linhares e Luciana Ballestrin. Suplente: Claudio Leivas.<\/p>\n","protected":false},"excerpt":{"rendered":"<p>Informamos \u00e0s\/aos interessados que a previs\u00e3o \u00e9 que as sele\u00e7\u00f5es de Mestrado e Doutorado para o ingresso das Turmas de 2021 do nosso Programa ser\u00e3o realizadas durante o primeiro semestre de 2021. As datas definitivas do processo seletivo ser\u00e3o definidas somente quando o novo calend\u00e1rio da Universidade for aprovado. Assim que tivermos mais detalhes sobre [&hellip;]<\/p>\n","protected":false},"author":555,"featured_media":0,"comment_status":"closed","ping_status":"closed","sticky":false,"template":"","format":"standard","meta":{"_jetpack_memberships_contains_paid_content":false,"footnotes":""},"categories":[12],"tags":[],"class_list":["post-3177","post","type-post","status-publish","format-standard","hentry","category-sem-categoria-pt"],"jetpack_featured_media_url":"","jetpack_sharing_enabled":true,"_links":{"self":[{"href":"https:\/\/wp.ufpel.edu.br\/ppgcienciapolitica\/wp-json\/wp\/v2\/posts\/3177","targetHints":{"allow":["GET"]}}],"collection":[{"href":"https:\/\/wp.ufpel.edu.br\/ppgcienciapolitica\/wp-json\/wp\/v2\/posts"}],"about":[{"href":"https:\/\/wp.ufpel.edu.br\/ppgcienciapolitica\/wp-json\/wp\/v2\/types\/post"}],"author":[{"embeddable":true,"href":"https:\/\/wp.ufpel.edu.br\/ppgcienciapolitica\/wp-json\/wp\/v2\/users\/555"}],"replies":[{"embeddable":true,"href":"https:\/\/wp.ufpel.edu.br\/ppgcienciapolitica\/wp-json\/wp\/v2\/comments?post=3177"}],"version-history":[{"count":1,"href":"https:\/\/wp.ufpel.edu.br\/ppgcienciapolitica\/wp-json\/wp\/v2\/posts\/3177\/revisions"}],"predecessor-version":[{"id":3178,"href":"https:\/\/wp.ufpel.edu.br\/ppgcienciapolitica\/wp-json\/wp\/v2\/posts\/3177\/revisions\/3178"}],"wp:attachment":[{"href":"https:\/\/wp.ufpel.edu.br\/ppgcienciapolitica\/wp-json\/wp\/v2\/media?parent=3177"}],"wp:term":[{"taxonomy":"category","embeddable":true,"href":"https:\/\/wp.ufpel.edu.br\/ppgcienciapolitica\/wp-json\/wp\/v2\/categories?post=3177"},{"taxonomy":"post_tag","embeddable":true,"href":"https:\/\/wp.ufpel.edu.br\/ppgcienciapolitica\/wp-json\/wp\/v2\/tags?post=3177"}],"curies":[{"name":"wp","href":"https:\/\/api.w.org\/{rel}","templated":true}]}}