{"id":3134,"date":"2020-09-17T10:11:23","date_gmt":"2020-09-17T13:11:23","guid":{"rendered":"https:\/\/wp.ufpel.edu.br\/ppgcienciapolitica\/?p=3134"},"modified":"2020-09-17T10:16:41","modified_gmt":"2020-09-17T13:16:41","slug":"oferta-de-disciplinas-calendario-alternativo-inicio-em-outubro","status":"publish","type":"post","link":"https:\/\/wp.ufpel.edu.br\/ppgcienciapolitica\/oferta-de-disciplinas-calendario-alternativo-inicio-em-outubro\/","title":{"rendered":"Oferta de disciplinas Calend\u00e1rio Alternativo (in\u00edcio em outubro)"},"content":{"rendered":"<p>Compartilhamos a lista de disciplinas a serem ministradas no PPGCPOL a partir de outubro, no novo Calend\u00e1rio Alternativo da Universidade:<\/p>\n<p>&nbsp;<\/p>\n<p style=\"text-align: justify\"><em>Segunda-feira, TARDE<\/em><\/p>\n<p style=\"text-align: justify\"><em>Luciana Ballestrin, Teoria contempor\u00e2nea da democracia (4 cr\u00e9ditos)<\/em><\/p>\n<p style=\"text-align: justify\">\n<p style=\"text-align: justify\"><em>Ter\u00e7a-feira, MANH\u00c3<\/em><\/p>\n<p style=\"text-align: justify\"><em>Daniel de Mendon\u00e7a, Teorias do discurso (4 cr\u00e9ditos)<\/em><\/p>\n<p style=\"text-align: justify\">\n<p style=\"text-align: justify\"><em>Ter\u00e7a-feira, TARDE<\/em><\/p>\n<p style=\"text-align: justify\"><em>Rosangela Schulz e Carlos Artur Gallo, Semin\u00e1rio de Tese (4 cr\u00e9ditos)<\/em><\/p>\n<p style=\"text-align: justify\">\n<p style=\"text-align: justify\"><em>Quarta-feira, TARDE<\/em><\/p>\n<p style=\"text-align: justify\"><em>Felipe Corral de Freitas, Semin\u00e1rio Avan\u00e7ado &#8211; Pol\u00edtica, m\u00eddia e elei\u00e7\u00f5es (2 cr\u00e9ditos)<\/em><\/p>\n<p style=\"text-align: justify\">\n<p style=\"text-align: justify\"><em>Quinta-feira MANH\u00c3<\/em><\/p>\n<p style=\"text-align: justify\"><em>Cl\u00e1udio Leivas, Temas e conceitos do pensamento pol\u00edtico contempor\u00e2neo (4 cr\u00e9ditos)<\/em><\/p>\n<p style=\"text-align: justify\">\n<p style=\"text-align: justify\"><em>Quinta-feira, TARDE<\/em><\/p>\n<p style=\"text-align: justify\"><em>Bianca de Freitas Linhares, Metodologia de pesquisa em CP (4 cr\u00e9ditos)<\/em><\/p>\n<p style=\"text-align: justify\">\n<p style=\"text-align: justify\"><em>Sexta-feira, TARDE<\/em><\/p>\n<p style=\"text-align: justify\"><em>Icaro Engler, Semin\u00e1rio Avan\u00e7ado &#8211; Como estudar elites? Recursos sociais e notabilidade (2 cr\u00e9ditos)<\/em><\/p>\n<p>&nbsp;<\/p>\n<p>Registra-se o agradecimento da Coordena\u00e7\u00e3o \u00e0s\/aos docentes do PPGCPOL, que fizeram um esfor\u00e7o no sentido de garantir a oferta de praticamente todas as disciplinas previstas no calend\u00e1rio suspenso em mar\u00e7o.<\/p>\n<p><strong>Em breve, ser\u00e3o divulgadas as datas\/procedimentos para a realiza\u00e7\u00e3o das matr\u00edculas.<\/strong><\/p>\n","protected":false},"excerpt":{"rendered":"<p>Compartilhamos a lista de disciplinas a serem ministradas no PPGCPOL a partir de outubro, no novo Calend\u00e1rio Alternativo da Universidade: &nbsp; Segunda-feira, TARDE Luciana Ballestrin, Teoria contempor\u00e2nea da democracia (4 cr\u00e9ditos) Ter\u00e7a-feira, MANH\u00c3 Daniel de Mendon\u00e7a, Teorias do discurso (4 cr\u00e9ditos) Ter\u00e7a-feira, TARDE Rosangela Schulz e Carlos Artur Gallo, Semin\u00e1rio de Tese (4 cr\u00e9ditos) Quarta-feira, [&hellip;]<\/p>\n","protected":false},"author":555,"featured_media":0,"comment_status":"closed","ping_status":"closed","sticky":false,"template":"","format":"standard","meta":{"_jetpack_memberships_contains_paid_content":false,"footnotes":""},"categories":[12],"tags":[],"class_list":["post-3134","post","type-post","status-publish","format-standard","hentry","category-sem-categoria-pt"],"jetpack_featured_media_url":"","jetpack_sharing_enabled":true,"_links":{"self":[{"href":"https:\/\/wp.ufpel.edu.br\/ppgcienciapolitica\/wp-json\/wp\/v2\/posts\/3134","targetHints":{"allow":["GET"]}}],"collection":[{"href":"https:\/\/wp.ufpel.edu.br\/ppgcienciapolitica\/wp-json\/wp\/v2\/posts"}],"about":[{"href":"https:\/\/wp.ufpel.edu.br\/ppgcienciapolitica\/wp-json\/wp\/v2\/types\/post"}],"author":[{"embeddable":true,"href":"https:\/\/wp.ufpel.edu.br\/ppgcienciapolitica\/wp-json\/wp\/v2\/users\/555"}],"replies":[{"embeddable":true,"href":"https:\/\/wp.ufpel.edu.br\/ppgcienciapolitica\/wp-json\/wp\/v2\/comments?post=3134"}],"version-history":[{"count":4,"href":"https:\/\/wp.ufpel.edu.br\/ppgcienciapolitica\/wp-json\/wp\/v2\/posts\/3134\/revisions"}],"predecessor-version":[{"id":3138,"href":"https:\/\/wp.ufpel.edu.br\/ppgcienciapolitica\/wp-json\/wp\/v2\/posts\/3134\/revisions\/3138"}],"wp:attachment":[{"href":"https:\/\/wp.ufpel.edu.br\/ppgcienciapolitica\/wp-json\/wp\/v2\/media?parent=3134"}],"wp:term":[{"taxonomy":"category","embeddable":true,"href":"https:\/\/wp.ufpel.edu.br\/ppgcienciapolitica\/wp-json\/wp\/v2\/categories?post=3134"},{"taxonomy":"post_tag","embeddable":true,"href":"https:\/\/wp.ufpel.edu.br\/ppgcienciapolitica\/wp-json\/wp\/v2\/tags?post=3134"}],"curies":[{"name":"wp","href":"https:\/\/api.w.org\/{rel}","templated":true}]}}