{"id":3122,"date":"2020-08-24T17:19:42","date_gmt":"2020-08-24T20:19:42","guid":{"rendered":"https:\/\/wp.ufpel.edu.br\/ppgcienciapolitica\/?p=3122"},"modified":"2020-08-24T17:27:26","modified_gmt":"2020-08-24T20:27:26","slug":"bolsista-do-pnpd-capes-no-ppgcpol-lanca-livro","status":"publish","type":"post","link":"https:\/\/wp.ufpel.edu.br\/ppgcienciapolitica\/bolsista-do-pnpd-capes-no-ppgcpol-lanca-livro\/","title":{"rendered":"Bolsista do PNPD\/CAPES no PPGCPOL lan\u00e7a livro"},"content":{"rendered":"<p><a href=\"https:\/\/wp.ufpel.edu.br\/ppgcienciapolitica\/files\/2020\/08\/IMG-20200824-WA0026.jpg\"><img class=\"wp-image-3123 aligncenter\" src=\"https:\/\/wp.ufpel.edu.br\/ppgcienciapolitica\/files\/2020\/08\/IMG-20200824-WA0026.jpg\" alt=\"\" width=\"496\" height=\"342\" srcset=\"https:\/\/wp.ufpel.edu.br\/ppgcienciapolitica\/files\/2020\/08\/IMG-20200824-WA0026.jpg 1055w, https:\/\/wp.ufpel.edu.br\/ppgcienciapolitica\/files\/2020\/08\/IMG-20200824-WA0026-400x276.jpg 400w, https:\/\/wp.ufpel.edu.br\/ppgcienciapolitica\/files\/2020\/08\/IMG-20200824-WA0026-1024x707.jpg 1024w, https:\/\/wp.ufpel.edu.br\/ppgcienciapolitica\/files\/2020\/08\/IMG-20200824-WA0026-768x530.jpg 768w\" sizes=\"(max-width: 496px) 100vw, 496px\" \/><\/a><br \/>\nNa quinta-feira, dia 27\/08\/2020, \u00e0s 17h30, ser\u00e1 realizado o lan\u00e7amento (virtual) do livro &#8220;Empres\u00e1rios e pol\u00edtica no Brasil&#8221;, escrito pelo professor Icaro Engler, bolsista do PNPD\/CAPES no PPGCPOL.<\/p>\n<p>A atividade conta com a participa\u00e7\u00e3o, al\u00e9m do autor, dos professores Carlos Artur Gallo, Coordenador do PPGCPOL, e Fabiano Engelmann, docente do PPG Ci\u00eancia Pol\u00edtica da UFRGS.<\/p>\n<p>Link para o lan\u00e7amento:\u00a0<a href=\"https:\/\/meet.google.com\/rqs-crkq-zcg\">https:\/\/meet.google.com\/rqs-crkq-zcg<\/a><\/p>\n","protected":false},"excerpt":{"rendered":"<p>Na quinta-feira, dia 27\/08\/2020, \u00e0s 17h30, ser\u00e1 realizado o lan\u00e7amento (virtual) do livro &#8220;Empres\u00e1rios e pol\u00edtica no Brasil&#8221;, escrito pelo professor Icaro Engler, bolsista do PNPD\/CAPES no PPGCPOL. A atividade conta com a participa\u00e7\u00e3o, al\u00e9m do autor, dos professores Carlos Artur Gallo, Coordenador do PPGCPOL, e Fabiano Engelmann, docente do PPG Ci\u00eancia Pol\u00edtica da UFRGS. [&hellip;]<\/p>\n","protected":false},"author":555,"featured_media":0,"comment_status":"closed","ping_status":"closed","sticky":false,"template":"","format":"standard","meta":{"_jetpack_memberships_contains_paid_content":false,"footnotes":""},"categories":[12],"tags":[],"class_list":["post-3122","post","type-post","status-publish","format-standard","hentry","category-sem-categoria-pt"],"jetpack_featured_media_url":"","jetpack_sharing_enabled":true,"_links":{"self":[{"href":"https:\/\/wp.ufpel.edu.br\/ppgcienciapolitica\/wp-json\/wp\/v2\/posts\/3122","targetHints":{"allow":["GET"]}}],"collection":[{"href":"https:\/\/wp.ufpel.edu.br\/ppgcienciapolitica\/wp-json\/wp\/v2\/posts"}],"about":[{"href":"https:\/\/wp.ufpel.edu.br\/ppgcienciapolitica\/wp-json\/wp\/v2\/types\/post"}],"author":[{"embeddable":true,"href":"https:\/\/wp.ufpel.edu.br\/ppgcienciapolitica\/wp-json\/wp\/v2\/users\/555"}],"replies":[{"embeddable":true,"href":"https:\/\/wp.ufpel.edu.br\/ppgcienciapolitica\/wp-json\/wp\/v2\/comments?post=3122"}],"version-history":[{"count":4,"href":"https:\/\/wp.ufpel.edu.br\/ppgcienciapolitica\/wp-json\/wp\/v2\/posts\/3122\/revisions"}],"predecessor-version":[{"id":3127,"href":"https:\/\/wp.ufpel.edu.br\/ppgcienciapolitica\/wp-json\/wp\/v2\/posts\/3122\/revisions\/3127"}],"wp:attachment":[{"href":"https:\/\/wp.ufpel.edu.br\/ppgcienciapolitica\/wp-json\/wp\/v2\/media?parent=3122"}],"wp:term":[{"taxonomy":"category","embeddable":true,"href":"https:\/\/wp.ufpel.edu.br\/ppgcienciapolitica\/wp-json\/wp\/v2\/categories?post=3122"},{"taxonomy":"post_tag","embeddable":true,"href":"https:\/\/wp.ufpel.edu.br\/ppgcienciapolitica\/wp-json\/wp\/v2\/tags?post=3122"}],"curies":[{"name":"wp","href":"https:\/\/api.w.org\/{rel}","templated":true}]}}