{"id":3038,"date":"2020-04-03T15:16:37","date_gmt":"2020-04-03T18:16:37","guid":{"rendered":"https:\/\/wp.ufpel.edu.br\/ppgcienciapolitica\/?p=3038"},"modified":"2020-04-03T15:16:37","modified_gmt":"2020-04-03T18:16:37","slug":"sobre-prorrogacao-suspensao-atividades","status":"publish","type":"post","link":"https:\/\/wp.ufpel.edu.br\/ppgcienciapolitica\/sobre-prorrogacao-suspensao-atividades\/","title":{"rendered":"Sobre a prorroga\u00e7\u00e3o da suspens\u00e3o de atividades da Universidade"},"content":{"rendered":"<p style=\"text-align: justify\">Como \u00e9 do conhecimento de todas\/os, desde 16\/03\/2020 as atividades acad\u00eamicas da Universidade est\u00e3o suspensas.<\/p>\n<div class=\"text_exposed_show\">\n<p style=\"text-align: justify\">Inicialmente, a suspens\u00e3o das atividades seria de pelo menos tr\u00eas (3) semanas.<\/p>\n<p style=\"text-align: justify\"><strong>Conforme notas divulgadas na semana passada (dia 26\/03\/2020), e, novamente, ontem no final da tarde (dia 02\/04\/2020), a suspens\u00e3o foi prorrogada (por enquanto) at\u00e9 o dia 30\/04\/2020.<\/strong><\/p>\n<p style=\"text-align: justify\">Link para a not\u00edcia:\u00a0<a href=\"http:\/\/ccs2.ufpel.edu.br\/wp\/2020\/04\/02\/atividades-suspensas-ate-30-de-abril\/?fbclid=IwAR1-LAQH23ubhn5kXorhlqYQmlLwjpUiuGrJtdMJg9buBbXaGCtmMoE9LHc\" target=\"_blank\" rel=\"noopener nofollow noreferrer\" data-ft=\"{&quot;tn&quot;:&quot;-U&quot;}\" data-lynx-mode=\"async\" data-lynx-uri=\"https:\/\/l.facebook.com\/l.php?u=http%3A%2F%2Fccs2.ufpel.edu.br%2Fwp%2F2020%2F04%2F02%2Fatividades-suspensas-ate-30-de-abril%2F%3Ffbclid%3DIwAR1-LAQH23ubhn5kXorhlqYQmlLwjpUiuGrJtdMJg9buBbXaGCtmMoE9LHc&amp;h=AT3k9YNjee7Zo9MdjcVR8ssAEOlBdmXb0yUKZLM4se_R0Y8PkPk3eBY85mCc2GNzeEBbw77A6eNZdK78Tu0sJFRblVw2LMWBVNn55Bw8ss8KJFlUi_Ltu7yy7Q998YzNgHlzpOLtHCE89n00ZECs9Sw4ZYPnBX1OOIXSjcvRUx2oHpodDLlmf-UsW8kh_w\">http:\/\/ccs2.ufpel.edu.br\/\u2026\/atividades-suspensas-ate-30-de-\u2026\/<\/a><\/p>\n<p style=\"text-align: justify\">Reiterando o que foi informado em mensagens anteriores:<\/p>\n<p style=\"text-align: justify\"><em>1. Bancas agendadas para ocorrerem a partir do dia 23\/03\/2020 somente poderiam ocorrer \u00e0 dist\u00e2ncia, e, n\u00e3o sendo essencial a realiza\u00e7\u00e3o das defesas, as mesmas devem ser adiadas at\u00e9 o retorno do calend\u00e1rio acad\u00eamico.<\/em><\/p>\n<p style=\"text-align: justify\"><em>2. Todas as atividades do PPGCPOL previstas para o per\u00edodo atingido pela suspens\u00e3o encontram-se igualmente suspensas, at\u00e9 que seja poss\u00edvel definirmos novas datas para a realiza\u00e7\u00e3o das mesmas.<\/em><\/p>\n<p style=\"text-align: justify\"><em>3. No per\u00edodo em que for mantida a suspens\u00e3o das atividades acad\u00eamicas da UFPel, as atividades administrativas essenciais da Secretaria, e, eventualmente, da Coordena\u00e7\u00e3o, ser\u00e3o realizadas \u00e0 dist\u00e2ncia.<\/em><\/p>\n<p style=\"text-align: justify\"><strong>Qualquer d\u00favida e\/ou necessidade de docentes, discentes e p\u00fablico externo ao PPGCPOL dever\u00e1 ser encaminhada normalmente para o e-mail da Secretaria (ppgcpol@gmail.com).<\/strong><\/p>\n<p style=\"text-align: justify\">Ser\u00e1 feito o poss\u00edvel para que todas as demandas sejam atendidas.<\/p>\n<p style=\"text-align: justify\">Conto (contamos) com a compreens\u00e3o de todas\/os.<\/p>\n<p style=\"text-align: justify\">Neste momento, e, por mais dif\u00edcil que seja, \u00e9 importante que todas\/os permane\u00e7am em suas casas o m\u00e1ximo poss\u00edvel.<\/p>\n<p style=\"text-align: justify\">Sauda\u00e7\u00f5es,<\/p>\n<p style=\"text-align: justify\">Prof. Dr. Carlos Artur Gallo<br \/>\nCoordenador | PPGCPOL<\/p>\n<\/div>\n","protected":false},"excerpt":{"rendered":"<p>Como \u00e9 do conhecimento de todas\/os, desde 16\/03\/2020 as atividades acad\u00eamicas da Universidade est\u00e3o suspensas. Inicialmente, a suspens\u00e3o das atividades seria de pelo menos tr\u00eas (3) semanas. Conforme notas divulgadas na semana passada (dia 26\/03\/2020), e, novamente, ontem no final da tarde (dia 02\/04\/2020), a suspens\u00e3o foi prorrogada (por enquanto) at\u00e9 o dia 30\/04\/2020. Link [&hellip;]<\/p>\n","protected":false},"author":555,"featured_media":0,"comment_status":"closed","ping_status":"closed","sticky":false,"template":"","format":"standard","meta":{"_jetpack_memberships_contains_paid_content":false,"footnotes":""},"categories":[12],"tags":[],"class_list":["post-3038","post","type-post","status-publish","format-standard","hentry","category-sem-categoria-pt"],"jetpack_featured_media_url":"","jetpack_sharing_enabled":true,"_links":{"self":[{"href":"https:\/\/wp.ufpel.edu.br\/ppgcienciapolitica\/wp-json\/wp\/v2\/posts\/3038","targetHints":{"allow":["GET"]}}],"collection":[{"href":"https:\/\/wp.ufpel.edu.br\/ppgcienciapolitica\/wp-json\/wp\/v2\/posts"}],"about":[{"href":"https:\/\/wp.ufpel.edu.br\/ppgcienciapolitica\/wp-json\/wp\/v2\/types\/post"}],"author":[{"embeddable":true,"href":"https:\/\/wp.ufpel.edu.br\/ppgcienciapolitica\/wp-json\/wp\/v2\/users\/555"}],"replies":[{"embeddable":true,"href":"https:\/\/wp.ufpel.edu.br\/ppgcienciapolitica\/wp-json\/wp\/v2\/comments?post=3038"}],"version-history":[{"count":1,"href":"https:\/\/wp.ufpel.edu.br\/ppgcienciapolitica\/wp-json\/wp\/v2\/posts\/3038\/revisions"}],"predecessor-version":[{"id":3039,"href":"https:\/\/wp.ufpel.edu.br\/ppgcienciapolitica\/wp-json\/wp\/v2\/posts\/3038\/revisions\/3039"}],"wp:attachment":[{"href":"https:\/\/wp.ufpel.edu.br\/ppgcienciapolitica\/wp-json\/wp\/v2\/media?parent=3038"}],"wp:term":[{"taxonomy":"category","embeddable":true,"href":"https:\/\/wp.ufpel.edu.br\/ppgcienciapolitica\/wp-json\/wp\/v2\/categories?post=3038"},{"taxonomy":"post_tag","embeddable":true,"href":"https:\/\/wp.ufpel.edu.br\/ppgcienciapolitica\/wp-json\/wp\/v2\/tags?post=3038"}],"curies":[{"name":"wp","href":"https:\/\/api.w.org\/{rel}","templated":true}]}}