{"id":3015,"date":"2020-03-09T14:58:22","date_gmt":"2020-03-09T17:58:22","guid":{"rendered":"https:\/\/wp.ufpel.edu.br\/ppgcienciapolitica\/?p=3015"},"modified":"2020-03-09T14:58:22","modified_gmt":"2020-03-09T17:58:22","slug":"docente-do-ppgcpol-e-contemplado-com-bolsa-de-produtividade-do-cnpq","status":"publish","type":"post","link":"https:\/\/wp.ufpel.edu.br\/ppgcienciapolitica\/docente-do-ppgcpol-e-contemplado-com-bolsa-de-produtividade-do-cnpq\/","title":{"rendered":"Docente do PPGCPOL \u00e9 contemplado com bolsa de produtividade do CNPq"},"content":{"rendered":"<div style=\"text-align: justify\">Compartilhamos a not\u00edcia de que o professor Daniel de Mendon\u00e7a, docente permanente do PPGCPOL, foi contemplado com bolsa de produtividade (PQ-2) no Edital 06\/2019 do CNPq.<\/div>\n<div style=\"text-align: justify\"><\/div>\n<div style=\"text-align: justify\">Em nome da Coordena\u00e7\u00e3o do Programa, registramos aqui nossos cumprimentos ao professor Daniel de Mendon\u00e7a pela bolsa recebida. Trata-se de uma \u00f3tima not\u00edcia para o PPGCPOL.<\/div>\n","protected":false},"excerpt":{"rendered":"<p>Compartilhamos a not\u00edcia de que o professor Daniel de Mendon\u00e7a, docente permanente do PPGCPOL, foi contemplado com bolsa de produtividade (PQ-2) no Edital 06\/2019 do CNPq. Em nome da Coordena\u00e7\u00e3o do Programa, registramos aqui nossos cumprimentos ao professor Daniel de Mendon\u00e7a pela bolsa recebida. Trata-se de uma \u00f3tima not\u00edcia para o PPGCPOL.<\/p>\n","protected":false},"author":555,"featured_media":0,"comment_status":"closed","ping_status":"closed","sticky":false,"template":"","format":"standard","meta":{"_jetpack_memberships_contains_paid_content":false,"footnotes":""},"categories":[12],"tags":[],"class_list":["post-3015","post","type-post","status-publish","format-standard","hentry","category-sem-categoria-pt"],"jetpack_featured_media_url":"","jetpack_sharing_enabled":true,"_links":{"self":[{"href":"https:\/\/wp.ufpel.edu.br\/ppgcienciapolitica\/wp-json\/wp\/v2\/posts\/3015","targetHints":{"allow":["GET"]}}],"collection":[{"href":"https:\/\/wp.ufpel.edu.br\/ppgcienciapolitica\/wp-json\/wp\/v2\/posts"}],"about":[{"href":"https:\/\/wp.ufpel.edu.br\/ppgcienciapolitica\/wp-json\/wp\/v2\/types\/post"}],"author":[{"embeddable":true,"href":"https:\/\/wp.ufpel.edu.br\/ppgcienciapolitica\/wp-json\/wp\/v2\/users\/555"}],"replies":[{"embeddable":true,"href":"https:\/\/wp.ufpel.edu.br\/ppgcienciapolitica\/wp-json\/wp\/v2\/comments?post=3015"}],"version-history":[{"count":1,"href":"https:\/\/wp.ufpel.edu.br\/ppgcienciapolitica\/wp-json\/wp\/v2\/posts\/3015\/revisions"}],"predecessor-version":[{"id":3016,"href":"https:\/\/wp.ufpel.edu.br\/ppgcienciapolitica\/wp-json\/wp\/v2\/posts\/3015\/revisions\/3016"}],"wp:attachment":[{"href":"https:\/\/wp.ufpel.edu.br\/ppgcienciapolitica\/wp-json\/wp\/v2\/media?parent=3015"}],"wp:term":[{"taxonomy":"category","embeddable":true,"href":"https:\/\/wp.ufpel.edu.br\/ppgcienciapolitica\/wp-json\/wp\/v2\/categories?post=3015"},{"taxonomy":"post_tag","embeddable":true,"href":"https:\/\/wp.ufpel.edu.br\/ppgcienciapolitica\/wp-json\/wp\/v2\/tags?post=3015"}],"curies":[{"name":"wp","href":"https:\/\/api.w.org\/{rel}","templated":true}]}}