{"id":3000,"date":"2020-02-26T17:27:29","date_gmt":"2020-02-26T20:27:29","guid":{"rendered":"https:\/\/wp.ufpel.edu.br\/ppgcienciapolitica\/?p=3000"},"modified":"2020-02-26T17:27:29","modified_gmt":"2020-02-26T20:27:29","slug":"resultado-final-provisorio-mestrado-2020","status":"publish","type":"post","link":"https:\/\/wp.ufpel.edu.br\/ppgcienciapolitica\/resultado-final-provisorio-mestrado-2020\/","title":{"rendered":"Resultado final provis\u00f3rio \u2013 Mestrado 2020"},"content":{"rendered":"<table width=\"0\">\n<tbody>\n<tr>\n<td width=\"57\"><strong>Clas.<\/strong><\/td>\n<td width=\"331\"><strong>Candidato <\/strong><\/td>\n<td width=\"76\"><strong>Nota<\/strong><\/td>\n<td width=\"95\"><strong>Situa\u00e7\u00e3o<\/strong><\/td>\n<\/tr>\n<tr>\n<td width=\"57\">1<\/td>\n<td width=\"331\">Caio Paglis Marques Placido<\/td>\n<td width=\"76\">7,950<\/td>\n<td width=\"95\">AC<\/td>\n<\/tr>\n<tr>\n<td width=\"57\">2<\/td>\n<td width=\"331\">Agnes Bezerra Menezes<\/td>\n<td width=\"76\">7,890<\/td>\n<td width=\"95\">AC<\/td>\n<\/tr>\n<tr>\n<td width=\"57\">3<\/td>\n<td width=\"331\">Edna Alice Duarte da Rocha<\/td>\n<td width=\"76\">7,835<\/td>\n<td width=\"95\">AC\/AF<\/td>\n<\/tr>\n<tr>\n<td width=\"57\">4<\/td>\n<td width=\"331\">Agustina Valeria Martiarena Pazos<\/td>\n<td width=\"76\">7,590<\/td>\n<td width=\"95\">AC<\/td>\n<\/tr>\n<tr>\n<td width=\"57\">5<\/td>\n<td width=\"331\">Filipe Botelho Soares Dutra Fernandes<\/td>\n<td width=\"76\">7,523<\/td>\n<td width=\"95\">AC<\/td>\n<\/tr>\n<tr>\n<td width=\"57\">6<\/td>\n<td width=\"331\">Paulo Renato dos Santos Mendon\u00e7a<\/td>\n<td width=\"76\">7,480<\/td>\n<td width=\"95\">AC<\/td>\n<\/tr>\n<tr>\n<td width=\"57\">7<\/td>\n<td width=\"331\">Victoria Antonia Gon\u00e7alves de Oliveira Salom\u00e3o<\/td>\n<td width=\"76\">7,373<\/td>\n<td width=\"95\">AC<\/td>\n<\/tr>\n<tr>\n<td width=\"57\">8<\/td>\n<td width=\"331\">Carlos Eduardo Perola<\/td>\n<td width=\"76\">7,370<\/td>\n<td width=\"95\">AC\/Serv<\/td>\n<\/tr>\n<tr>\n<td width=\"57\">9<\/td>\n<td width=\"331\">Jean Rodrigo de Souza<\/td>\n<td width=\"76\">7,240<\/td>\n<td width=\"95\">AC<\/td>\n<\/tr>\n<tr>\n<td width=\"57\">10<\/td>\n<td width=\"331\">Tatiele Diniz Brittes<\/td>\n<td width=\"76\">7,220<\/td>\n<td width=\"95\">AC\/AF<\/td>\n<\/tr>\n<tr>\n<td width=\"57\">11<\/td>\n<td width=\"331\">Guilherme Silva de Oliveira<\/td>\n<td width=\"76\">7,200<\/td>\n<td width=\"95\">AC<\/td>\n<\/tr>\n<tr>\n<td width=\"57\">12<\/td>\n<td width=\"331\">Thais Madruga Tabeli\u00e3o<\/td>\n<td width=\"76\">7,195<\/td>\n<td width=\"95\">AC<\/td>\n<\/tr>\n<tr>\n<td width=\"57\">13<\/td>\n<td width=\"331\">Miguel Soares Silveira<\/td>\n<td width=\"76\">7,010<\/td>\n<td width=\"95\">AC<\/td>\n<\/tr>\n<tr>\n<td width=\"57\">14<\/td>\n<td width=\"331\">Bruna Vicari Arruz<\/td>\n<td width=\"76\">6,815<\/td>\n<td width=\"95\">AC<\/td>\n<\/tr>\n<\/tbody>\n<\/table>\n<p>AC \u2013 Ampla Concorr\u00eancia; AF \u2013 Acesso Afirmativo; Serv. \u2013 Vagas para servidores da UFPel<\/p>\n","protected":false},"excerpt":{"rendered":"<p>Clas. Candidato Nota Situa\u00e7\u00e3o 1 Caio Paglis Marques Placido 7,950 AC 2 Agnes Bezerra Menezes 7,890 AC 3 Edna Alice Duarte da Rocha 7,835 AC\/AF 4 Agustina Valeria Martiarena Pazos 7,590 AC 5 Filipe Botelho Soares Dutra Fernandes 7,523 AC 6 Paulo Renato dos Santos Mendon\u00e7a 7,480 AC 7 Victoria Antonia Gon\u00e7alves de Oliveira Salom\u00e3o [&hellip;]<\/p>\n","protected":false},"author":555,"featured_media":0,"comment_status":"closed","ping_status":"closed","sticky":false,"template":"","format":"standard","meta":{"_jetpack_memberships_contains_paid_content":false,"footnotes":""},"categories":[12],"tags":[],"class_list":["post-3000","post","type-post","status-publish","format-standard","hentry","category-sem-categoria-pt"],"jetpack_featured_media_url":"","jetpack_sharing_enabled":true,"_links":{"self":[{"href":"https:\/\/wp.ufpel.edu.br\/ppgcienciapolitica\/wp-json\/wp\/v2\/posts\/3000","targetHints":{"allow":["GET"]}}],"collection":[{"href":"https:\/\/wp.ufpel.edu.br\/ppgcienciapolitica\/wp-json\/wp\/v2\/posts"}],"about":[{"href":"https:\/\/wp.ufpel.edu.br\/ppgcienciapolitica\/wp-json\/wp\/v2\/types\/post"}],"author":[{"embeddable":true,"href":"https:\/\/wp.ufpel.edu.br\/ppgcienciapolitica\/wp-json\/wp\/v2\/users\/555"}],"replies":[{"embeddable":true,"href":"https:\/\/wp.ufpel.edu.br\/ppgcienciapolitica\/wp-json\/wp\/v2\/comments?post=3000"}],"version-history":[{"count":1,"href":"https:\/\/wp.ufpel.edu.br\/ppgcienciapolitica\/wp-json\/wp\/v2\/posts\/3000\/revisions"}],"predecessor-version":[{"id":3001,"href":"https:\/\/wp.ufpel.edu.br\/ppgcienciapolitica\/wp-json\/wp\/v2\/posts\/3000\/revisions\/3001"}],"wp:attachment":[{"href":"https:\/\/wp.ufpel.edu.br\/ppgcienciapolitica\/wp-json\/wp\/v2\/media?parent=3000"}],"wp:term":[{"taxonomy":"category","embeddable":true,"href":"https:\/\/wp.ufpel.edu.br\/ppgcienciapolitica\/wp-json\/wp\/v2\/categories?post=3000"},{"taxonomy":"post_tag","embeddable":true,"href":"https:\/\/wp.ufpel.edu.br\/ppgcienciapolitica\/wp-json\/wp\/v2\/tags?post=3000"}],"curies":[{"name":"wp","href":"https:\/\/api.w.org\/{rel}","templated":true}]}}