{"id":2990,"date":"2020-02-17T06:58:09","date_gmt":"2020-02-17T09:58:09","guid":{"rendered":"https:\/\/wp.ufpel.edu.br\/ppgcienciapolitica\/?p=2990"},"modified":"2020-02-17T06:58:09","modified_gmt":"2020-02-17T09:58:09","slug":"proximas-etapas-do-processo-seletivo-mestrado-2020","status":"publish","type":"post","link":"https:\/\/wp.ufpel.edu.br\/ppgcienciapolitica\/proximas-etapas-do-processo-seletivo-mestrado-2020\/","title":{"rendered":"Pr\u00f3ximas etapas do processo seletivo Mestrado 2020"},"content":{"rendered":"<p>A prova escrita ser\u00e1 realizada no dia 19 de fevereiro (quarta-feira), na sala 205 do IFISP (rua Alberto Rosa, 154), das 14h \u00e0s 18h. Solicitamos aos candidatos que cheguem com anteced\u00eancia para que possa ser realizada a identifica\u00e7\u00e3o.<\/p>\n<p>A prova de defesa do anteprojeto ocorrer\u00e1 no dia 20 de fevereiro (quinta-feira), na sala 201 do IFISP (rua Alberto Rosa, 154), conforme a sequ\u00eancia indicada abaixo.<\/p>\n<table>\n<tbody>\n<tr>\n<td width=\"78\"><strong>Inscri\u00e7\u00e3o <\/strong><\/td>\n<td width=\"282\"><strong>Hor\u00e1rio<\/strong><\/td>\n<\/tr>\n<tr>\n<td width=\"78\">7241<\/td>\n<td width=\"282\">9h<\/td>\n<\/tr>\n<tr>\n<td width=\"78\">7242<\/td>\n<td width=\"282\">9h15min<\/td>\n<\/tr>\n<tr>\n<td width=\"78\">7243<\/td>\n<td width=\"282\">9h30min<\/td>\n<\/tr>\n<tr>\n<td width=\"78\">7245<\/td>\n<td width=\"282\">9h45min<\/td>\n<\/tr>\n<tr>\n<td width=\"78\">7246<\/td>\n<td width=\"282\">10h<\/td>\n<\/tr>\n<tr>\n<td width=\"78\">7247<\/td>\n<td width=\"282\">10h15min<\/td>\n<\/tr>\n<tr>\n<td width=\"78\">7248<\/td>\n<td width=\"282\">10h30min<\/td>\n<\/tr>\n<tr>\n<td width=\"78\">7249<\/td>\n<td width=\"282\">10h45min<\/td>\n<\/tr>\n<tr>\n<td width=\"78\">7251<\/td>\n<td width=\"282\">11h<\/td>\n<\/tr>\n<tr>\n<td width=\"78\">7254<\/td>\n<td width=\"282\">11h15min<\/td>\n<\/tr>\n<tr>\n<td width=\"78\">7255<\/td>\n<td width=\"282\">14h<\/td>\n<\/tr>\n<tr>\n<td width=\"78\">7257<\/td>\n<td width=\"282\">14h15min<\/td>\n<\/tr>\n<tr>\n<td width=\"78\">7258<\/td>\n<td width=\"282\">14h30min<\/td>\n<\/tr>\n<tr>\n<td width=\"78\">7259<\/td>\n<td width=\"282\">14h45min<\/td>\n<\/tr>\n<tr>\n<td width=\"78\">7260<\/td>\n<td width=\"282\">15h<\/td>\n<\/tr>\n<tr>\n<td width=\"78\">7261<\/td>\n<td width=\"282\">15h15min<\/td>\n<\/tr>\n<tr>\n<td width=\"78\">7262<\/td>\n<td width=\"282\">15h30min<\/td>\n<\/tr>\n<tr>\n<td width=\"78\">7263<\/td>\n<td width=\"282\">15h45min<\/td>\n<\/tr>\n<tr>\n<td width=\"78\">7264<\/td>\n<td width=\"282\">16h<\/td>\n<\/tr>\n<tr>\n<td width=\"78\">7265<\/td>\n<td width=\"282\">16h15min<\/td>\n<\/tr>\n<\/tbody>\n<\/table>\n<p><\/p>\n","protected":false},"excerpt":{"rendered":"<p>A prova escrita ser\u00e1 realizada no dia 19 de fevereiro (quarta-feira), na sala 205 do IFISP (rua Alberto Rosa, 154), das 14h \u00e0s 18h. Solicitamos aos candidatos que cheguem com anteced\u00eancia para que possa ser realizada a identifica\u00e7\u00e3o. A prova de defesa do anteprojeto ocorrer\u00e1 no dia 20 de fevereiro (quinta-feira), na sala 201 do [&hellip;]<\/p>\n","protected":false},"author":555,"featured_media":0,"comment_status":"closed","ping_status":"closed","sticky":false,"template":"","format":"standard","meta":{"_jetpack_memberships_contains_paid_content":false,"footnotes":""},"categories":[12],"tags":[],"class_list":["post-2990","post","type-post","status-publish","format-standard","hentry","category-sem-categoria-pt"],"jetpack_featured_media_url":"","jetpack_sharing_enabled":true,"_links":{"self":[{"href":"https:\/\/wp.ufpel.edu.br\/ppgcienciapolitica\/wp-json\/wp\/v2\/posts\/2990","targetHints":{"allow":["GET"]}}],"collection":[{"href":"https:\/\/wp.ufpel.edu.br\/ppgcienciapolitica\/wp-json\/wp\/v2\/posts"}],"about":[{"href":"https:\/\/wp.ufpel.edu.br\/ppgcienciapolitica\/wp-json\/wp\/v2\/types\/post"}],"author":[{"embeddable":true,"href":"https:\/\/wp.ufpel.edu.br\/ppgcienciapolitica\/wp-json\/wp\/v2\/users\/555"}],"replies":[{"embeddable":true,"href":"https:\/\/wp.ufpel.edu.br\/ppgcienciapolitica\/wp-json\/wp\/v2\/comments?post=2990"}],"version-history":[{"count":1,"href":"https:\/\/wp.ufpel.edu.br\/ppgcienciapolitica\/wp-json\/wp\/v2\/posts\/2990\/revisions"}],"predecessor-version":[{"id":2991,"href":"https:\/\/wp.ufpel.edu.br\/ppgcienciapolitica\/wp-json\/wp\/v2\/posts\/2990\/revisions\/2991"}],"wp:attachment":[{"href":"https:\/\/wp.ufpel.edu.br\/ppgcienciapolitica\/wp-json\/wp\/v2\/media?parent=2990"}],"wp:term":[{"taxonomy":"category","embeddable":true,"href":"https:\/\/wp.ufpel.edu.br\/ppgcienciapolitica\/wp-json\/wp\/v2\/categories?post=2990"},{"taxonomy":"post_tag","embeddable":true,"href":"https:\/\/wp.ufpel.edu.br\/ppgcienciapolitica\/wp-json\/wp\/v2\/tags?post=2990"}],"curies":[{"name":"wp","href":"https:\/\/api.w.org\/{rel}","templated":true}]}}