{"id":2976,"date":"2020-02-11T09:20:20","date_gmt":"2020-02-11T12:20:20","guid":{"rendered":"https:\/\/wp.ufpel.edu.br\/ppgcienciapolitica\/?p=2976"},"modified":"2020-02-11T09:20:20","modified_gmt":"2020-02-11T12:20:20","slug":"lancado-edital-aluno-especial","status":"publish","type":"post","link":"https:\/\/wp.ufpel.edu.br\/ppgcienciapolitica\/lancado-edital-aluno-especial\/","title":{"rendered":"Lan\u00e7ado edital aluno especial"},"content":{"rendered":"<p><span style=\"font-family: arial, helvetica, sans-serif;font-size: 10pt\">\u00a0 \u00a0 O PPGCPol lan\u00e7ou o edital para aluno especial para o 1o semestre letivo de 2020. As inscri\u00e7\u00f5es ocorrer\u00e3o dias quatro e cinco de mar\u00e7o e s\u00e3o oferecidas vagas em cinco disciplinas: &#8220;Elite e Poder Pol\u00edtico&#8221;, &#8220;Populismo: Teorias e Processos&#8221;, &#8220;Temas e Conceitos do Pensamento Pol\u00edtico Contempor\u00e2neo&#8221;, &#8220;Semin\u00e1rio Avan\u00e7ado: Democracia e Antagonismo&#8221;, &#8220;Etnografia Sociol\u00f3gica, Pol\u00edtica e do Trabalho&#8221;. O edital, com a ementa das disciplinas, requisitos e prazos, est\u00e1 dispon\u00edvel no link: <a href=\"https:\/\/wp.ufpel.edu.br\/ppgcienciapolitica\/files\/2020\/02\/Edital-Aluno-Especial-2020-1.pdf\">Edital Aluno Especial 2020-1<\/a><\/span><\/p>\n","protected":false},"excerpt":{"rendered":"<p>\u00a0 \u00a0 O PPGCPol lan\u00e7ou o edital para aluno especial para o 1o semestre letivo de 2020. As inscri\u00e7\u00f5es ocorrer\u00e3o dias quatro e cinco de mar\u00e7o e s\u00e3o oferecidas vagas em cinco disciplinas: &#8220;Elite e Poder Pol\u00edtico&#8221;, &#8220;Populismo: Teorias e Processos&#8221;, &#8220;Temas e Conceitos do Pensamento Pol\u00edtico Contempor\u00e2neo&#8221;, &#8220;Semin\u00e1rio Avan\u00e7ado: Democracia e Antagonismo&#8221;, &#8220;Etnografia Sociol\u00f3gica, [&hellip;]<\/p>\n","protected":false},"author":555,"featured_media":0,"comment_status":"closed","ping_status":"closed","sticky":false,"template":"","format":"standard","meta":{"_jetpack_memberships_contains_paid_content":false,"footnotes":""},"categories":[12],"tags":[],"class_list":["post-2976","post","type-post","status-publish","format-standard","hentry","category-sem-categoria-pt"],"jetpack_featured_media_url":"","jetpack_sharing_enabled":true,"_links":{"self":[{"href":"https:\/\/wp.ufpel.edu.br\/ppgcienciapolitica\/wp-json\/wp\/v2\/posts\/2976","targetHints":{"allow":["GET"]}}],"collection":[{"href":"https:\/\/wp.ufpel.edu.br\/ppgcienciapolitica\/wp-json\/wp\/v2\/posts"}],"about":[{"href":"https:\/\/wp.ufpel.edu.br\/ppgcienciapolitica\/wp-json\/wp\/v2\/types\/post"}],"author":[{"embeddable":true,"href":"https:\/\/wp.ufpel.edu.br\/ppgcienciapolitica\/wp-json\/wp\/v2\/users\/555"}],"replies":[{"embeddable":true,"href":"https:\/\/wp.ufpel.edu.br\/ppgcienciapolitica\/wp-json\/wp\/v2\/comments?post=2976"}],"version-history":[{"count":2,"href":"https:\/\/wp.ufpel.edu.br\/ppgcienciapolitica\/wp-json\/wp\/v2\/posts\/2976\/revisions"}],"predecessor-version":[{"id":2979,"href":"https:\/\/wp.ufpel.edu.br\/ppgcienciapolitica\/wp-json\/wp\/v2\/posts\/2976\/revisions\/2979"}],"wp:attachment":[{"href":"https:\/\/wp.ufpel.edu.br\/ppgcienciapolitica\/wp-json\/wp\/v2\/media?parent=2976"}],"wp:term":[{"taxonomy":"category","embeddable":true,"href":"https:\/\/wp.ufpel.edu.br\/ppgcienciapolitica\/wp-json\/wp\/v2\/categories?post=2976"},{"taxonomy":"post_tag","embeddable":true,"href":"https:\/\/wp.ufpel.edu.br\/ppgcienciapolitica\/wp-json\/wp\/v2\/tags?post=2976"}],"curies":[{"name":"wp","href":"https:\/\/api.w.org\/{rel}","templated":true}]}}