{"id":2926,"date":"2019-12-09T17:26:41","date_gmt":"2019-12-09T20:26:41","guid":{"rendered":"https:\/\/wp.ufpel.edu.br\/ppgcienciapolitica\/?p=2926"},"modified":"2019-12-09T17:28:06","modified_gmt":"2019-12-09T20:28:06","slug":"publicado-o-edital-de-selecao-doutorado-turma-de-2020","status":"publish","type":"post","link":"https:\/\/wp.ufpel.edu.br\/ppgcienciapolitica\/publicado-o-edital-de-selecao-doutorado-turma-de-2020\/","title":{"rendered":"Publicado o Edital de Sele\u00e7\u00e3o de Doutorado &#8211; Turma de 2020"},"content":{"rendered":"<p>Encontra-se publicado o Edital de Sele\u00e7\u00e3o de Doutorado do PPGCPOL para a turma com ingresso em 2020.<\/p>\n<p>A nova turma de Doutorado, \u00e9 importante destacar, ingressar\u00e1 no segundo semestre letivo de 2020.<\/p>\n<p>O processo seletivo ser\u00e1 realizado entre os meses de abril e maio de 2020.<\/p>\n<p>O Edital pode ser baixado no link a seguir: <a href=\"https:\/\/wp.ufpel.edu.br\/ppgcienciapolitica\/files\/2019\/12\/SEI_UFPel-0808563-Edital-de-sele\u00e7\u00e3o-PRPPGI.pdf\" target=\"_blank\" rel=\"noopener noreferrer\">PPGCPOL &#8211; Edital Sele\u00e7\u00e3o Doutorado 2020<\/a><\/p>\n","protected":false},"excerpt":{"rendered":"<p>Encontra-se publicado o Edital de Sele\u00e7\u00e3o de Doutorado do PPGCPOL para a turma com ingresso em 2020. A nova turma de Doutorado, \u00e9 importante destacar, ingressar\u00e1 no segundo semestre letivo de 2020. O processo seletivo ser\u00e1 realizado entre os meses de abril e maio de 2020. O Edital pode ser baixado no link a seguir: [&hellip;]<\/p>\n","protected":false},"author":555,"featured_media":0,"comment_status":"closed","ping_status":"closed","sticky":false,"template":"","format":"standard","meta":{"_jetpack_memberships_contains_paid_content":false,"footnotes":""},"categories":[12],"tags":[],"class_list":["post-2926","post","type-post","status-publish","format-standard","hentry","category-sem-categoria-pt"],"jetpack_featured_media_url":"","jetpack_sharing_enabled":true,"_links":{"self":[{"href":"https:\/\/wp.ufpel.edu.br\/ppgcienciapolitica\/wp-json\/wp\/v2\/posts\/2926","targetHints":{"allow":["GET"]}}],"collection":[{"href":"https:\/\/wp.ufpel.edu.br\/ppgcienciapolitica\/wp-json\/wp\/v2\/posts"}],"about":[{"href":"https:\/\/wp.ufpel.edu.br\/ppgcienciapolitica\/wp-json\/wp\/v2\/types\/post"}],"author":[{"embeddable":true,"href":"https:\/\/wp.ufpel.edu.br\/ppgcienciapolitica\/wp-json\/wp\/v2\/users\/555"}],"replies":[{"embeddable":true,"href":"https:\/\/wp.ufpel.edu.br\/ppgcienciapolitica\/wp-json\/wp\/v2\/comments?post=2926"}],"version-history":[{"count":2,"href":"https:\/\/wp.ufpel.edu.br\/ppgcienciapolitica\/wp-json\/wp\/v2\/posts\/2926\/revisions"}],"predecessor-version":[{"id":2929,"href":"https:\/\/wp.ufpel.edu.br\/ppgcienciapolitica\/wp-json\/wp\/v2\/posts\/2926\/revisions\/2929"}],"wp:attachment":[{"href":"https:\/\/wp.ufpel.edu.br\/ppgcienciapolitica\/wp-json\/wp\/v2\/media?parent=2926"}],"wp:term":[{"taxonomy":"category","embeddable":true,"href":"https:\/\/wp.ufpel.edu.br\/ppgcienciapolitica\/wp-json\/wp\/v2\/categories?post=2926"},{"taxonomy":"post_tag","embeddable":true,"href":"https:\/\/wp.ufpel.edu.br\/ppgcienciapolitica\/wp-json\/wp\/v2\/tags?post=2926"}],"curies":[{"name":"wp","href":"https:\/\/api.w.org\/{rel}","templated":true}]}}