{"id":2920,"date":"2019-11-06T21:48:33","date_gmt":"2019-11-07T00:48:33","guid":{"rendered":"https:\/\/wp.ufpel.edu.br\/ppgcienciapolitica\/?p=2920"},"modified":"2019-11-06T21:48:33","modified_gmt":"2019-11-07T00:48:33","slug":"publicado-o-edital-de-selecao-de-mestrado-turma-de-2020","status":"publish","type":"post","link":"https:\/\/wp.ufpel.edu.br\/ppgcienciapolitica\/publicado-o-edital-de-selecao-de-mestrado-turma-de-2020\/","title":{"rendered":"Publicado o Edital de Sele\u00e7\u00e3o de Mestrado &#8211; Turma de 2020"},"content":{"rendered":"<p>Encontra-se publicado o Edital de Sele\u00e7\u00e3o de Mestrado do PPGCPOL para a turma com ingresso em 2020.<\/p>\n<p>O Edital pode ser baixado no link a seguir: <a href=\"https:\/\/wp.ufpel.edu.br\/ppgcienciapolitica\/files\/2019\/11\/SEI_UFPel-0766324-Edital-de-sele\u00e7\u00e3o-PRPPGI.pdf\">PPGCPOL &#8211; Edital Sele\u00e7\u00e3o Mestrado 2020<\/a><\/p>\n","protected":false},"excerpt":{"rendered":"<p>Encontra-se publicado o Edital de Sele\u00e7\u00e3o de Mestrado do PPGCPOL para a turma com ingresso em 2020. O Edital pode ser baixado no link a seguir: PPGCPOL &#8211; Edital Sele\u00e7\u00e3o Mestrado 2020<\/p>\n","protected":false},"author":555,"featured_media":0,"comment_status":"closed","ping_status":"closed","sticky":false,"template":"","format":"standard","meta":{"_jetpack_memberships_contains_paid_content":false,"footnotes":""},"categories":[12],"tags":[],"class_list":["post-2920","post","type-post","status-publish","format-standard","hentry","category-sem-categoria-pt"],"jetpack_featured_media_url":"","jetpack_sharing_enabled":true,"_links":{"self":[{"href":"https:\/\/wp.ufpel.edu.br\/ppgcienciapolitica\/wp-json\/wp\/v2\/posts\/2920","targetHints":{"allow":["GET"]}}],"collection":[{"href":"https:\/\/wp.ufpel.edu.br\/ppgcienciapolitica\/wp-json\/wp\/v2\/posts"}],"about":[{"href":"https:\/\/wp.ufpel.edu.br\/ppgcienciapolitica\/wp-json\/wp\/v2\/types\/post"}],"author":[{"embeddable":true,"href":"https:\/\/wp.ufpel.edu.br\/ppgcienciapolitica\/wp-json\/wp\/v2\/users\/555"}],"replies":[{"embeddable":true,"href":"https:\/\/wp.ufpel.edu.br\/ppgcienciapolitica\/wp-json\/wp\/v2\/comments?post=2920"}],"version-history":[{"count":1,"href":"https:\/\/wp.ufpel.edu.br\/ppgcienciapolitica\/wp-json\/wp\/v2\/posts\/2920\/revisions"}],"predecessor-version":[{"id":2922,"href":"https:\/\/wp.ufpel.edu.br\/ppgcienciapolitica\/wp-json\/wp\/v2\/posts\/2920\/revisions\/2922"}],"wp:attachment":[{"href":"https:\/\/wp.ufpel.edu.br\/ppgcienciapolitica\/wp-json\/wp\/v2\/media?parent=2920"}],"wp:term":[{"taxonomy":"category","embeddable":true,"href":"https:\/\/wp.ufpel.edu.br\/ppgcienciapolitica\/wp-json\/wp\/v2\/categories?post=2920"},{"taxonomy":"post_tag","embeddable":true,"href":"https:\/\/wp.ufpel.edu.br\/ppgcienciapolitica\/wp-json\/wp\/v2\/tags?post=2920"}],"curies":[{"name":"wp","href":"https:\/\/api.w.org\/{rel}","templated":true}]}}