{"id":2904,"date":"2019-09-05T16:24:46","date_gmt":"2019-09-05T19:24:46","guid":{"rendered":"https:\/\/wp.ufpel.edu.br\/ppgcienciapolitica\/?p=2904"},"modified":"2019-09-05T16:24:46","modified_gmt":"2019-09-05T19:24:46","slug":"edital-coordenacao-ppgcpol-periodo-2019-2021","status":"publish","type":"post","link":"https:\/\/wp.ufpel.edu.br\/ppgcienciapolitica\/edital-coordenacao-ppgcpol-periodo-2019-2021\/","title":{"rendered":"Edital &#8211; Coordena\u00e7\u00e3o PPGCPOL per\u00edodo 2019-2021"},"content":{"rendered":"<p>Est\u00e1 dispon\u00edvel o Edital para a apresenta\u00e7\u00e3o de candidaturas \u00e0 Coordena\u00e7\u00e3o do PPGCPOL.<\/p>\n<p>As regras para a apresenta\u00e7\u00e3o das candidaturas, bem como a data para a realiza\u00e7\u00e3o da consulta \u00e0 comunidade para forma\u00e7\u00e3o das listas tr\u00edplices podem ser consultadas <a href=\"https:\/\/wp.ufpel.edu.br\/ppgcienciapolitica\/files\/2019\/09\/EDITAL-Consulta-Coordena\u00e7\u00e3o-PPGCPol.pdf\">aqui<\/a>.<\/p>\n","protected":false},"excerpt":{"rendered":"<p>Est\u00e1 dispon\u00edvel o Edital para a apresenta\u00e7\u00e3o de candidaturas \u00e0 Coordena\u00e7\u00e3o do PPGCPOL. As regras para a apresenta\u00e7\u00e3o das candidaturas, bem como a data para a realiza\u00e7\u00e3o da consulta \u00e0 comunidade para forma\u00e7\u00e3o das listas tr\u00edplices podem ser consultadas aqui.<\/p>\n","protected":false},"author":555,"featured_media":0,"comment_status":"closed","ping_status":"closed","sticky":false,"template":"","format":"standard","meta":{"_jetpack_memberships_contains_paid_content":false,"footnotes":""},"categories":[12],"tags":[],"class_list":["post-2904","post","type-post","status-publish","format-standard","hentry","category-sem-categoria-pt"],"jetpack_featured_media_url":"","jetpack_sharing_enabled":true,"_links":{"self":[{"href":"https:\/\/wp.ufpel.edu.br\/ppgcienciapolitica\/wp-json\/wp\/v2\/posts\/2904","targetHints":{"allow":["GET"]}}],"collection":[{"href":"https:\/\/wp.ufpel.edu.br\/ppgcienciapolitica\/wp-json\/wp\/v2\/posts"}],"about":[{"href":"https:\/\/wp.ufpel.edu.br\/ppgcienciapolitica\/wp-json\/wp\/v2\/types\/post"}],"author":[{"embeddable":true,"href":"https:\/\/wp.ufpel.edu.br\/ppgcienciapolitica\/wp-json\/wp\/v2\/users\/555"}],"replies":[{"embeddable":true,"href":"https:\/\/wp.ufpel.edu.br\/ppgcienciapolitica\/wp-json\/wp\/v2\/comments?post=2904"}],"version-history":[{"count":1,"href":"https:\/\/wp.ufpel.edu.br\/ppgcienciapolitica\/wp-json\/wp\/v2\/posts\/2904\/revisions"}],"predecessor-version":[{"id":2906,"href":"https:\/\/wp.ufpel.edu.br\/ppgcienciapolitica\/wp-json\/wp\/v2\/posts\/2904\/revisions\/2906"}],"wp:attachment":[{"href":"https:\/\/wp.ufpel.edu.br\/ppgcienciapolitica\/wp-json\/wp\/v2\/media?parent=2904"}],"wp:term":[{"taxonomy":"category","embeddable":true,"href":"https:\/\/wp.ufpel.edu.br\/ppgcienciapolitica\/wp-json\/wp\/v2\/categories?post=2904"},{"taxonomy":"post_tag","embeddable":true,"href":"https:\/\/wp.ufpel.edu.br\/ppgcienciapolitica\/wp-json\/wp\/v2\/tags?post=2904"}],"curies":[{"name":"wp","href":"https:\/\/api.w.org\/{rel}","templated":true}]}}