{"id":2846,"date":"2019-08-06T16:19:52","date_gmt":"2019-08-06T19:19:52","guid":{"rendered":"https:\/\/wp.ufpel.edu.br\/ppgcienciapolitica\/?p=2846"},"modified":"2019-08-06T16:19:52","modified_gmt":"2019-08-06T19:19:52","slug":"novo-horario-de-matriculas-para-aluno-especial-2019-2","status":"publish","type":"post","link":"https:\/\/wp.ufpel.edu.br\/ppgcienciapolitica\/novo-horario-de-matriculas-para-aluno-especial-2019-2\/","title":{"rendered":"Novo hor\u00e1rio de matr\u00edculas para aluno especial 2019\/2"},"content":{"rendered":"<p>Comunicamos que o atendimento da secretaria para realiza\u00e7\u00e3o de matr\u00edculas para alunos especiais ser\u00e1 no dia 08 de agosto, das 9h \u00e0s 13h. A altera\u00e7\u00e3o de hor\u00e1rio deve-se \u00e0 ado\u00e7\u00e3o de turno \u00fanico neste dia, em decorr\u00eancia das comemora\u00e7\u00f5es de anivers\u00e1rio da UFPel.<\/p>\n","protected":false},"excerpt":{"rendered":"<p>Comunicamos que o atendimento da secretaria para realiza\u00e7\u00e3o de matr\u00edculas para alunos especiais ser\u00e1 no dia 08 de agosto, das 9h \u00e0s 13h. A altera\u00e7\u00e3o de hor\u00e1rio deve-se \u00e0 ado\u00e7\u00e3o de turno \u00fanico neste dia, em decorr\u00eancia das comemora\u00e7\u00f5es de anivers\u00e1rio da UFPel.<\/p>\n","protected":false},"author":953,"featured_media":0,"comment_status":"closed","ping_status":"closed","sticky":false,"template":"","format":"standard","meta":{"_jetpack_memberships_contains_paid_content":false,"footnotes":""},"categories":[12],"tags":[],"class_list":["post-2846","post","type-post","status-publish","format-standard","hentry","category-sem-categoria-pt"],"jetpack_featured_media_url":"","jetpack_sharing_enabled":true,"_links":{"self":[{"href":"https:\/\/wp.ufpel.edu.br\/ppgcienciapolitica\/wp-json\/wp\/v2\/posts\/2846","targetHints":{"allow":["GET"]}}],"collection":[{"href":"https:\/\/wp.ufpel.edu.br\/ppgcienciapolitica\/wp-json\/wp\/v2\/posts"}],"about":[{"href":"https:\/\/wp.ufpel.edu.br\/ppgcienciapolitica\/wp-json\/wp\/v2\/types\/post"}],"author":[{"embeddable":true,"href":"https:\/\/wp.ufpel.edu.br\/ppgcienciapolitica\/wp-json\/wp\/v2\/users\/953"}],"replies":[{"embeddable":true,"href":"https:\/\/wp.ufpel.edu.br\/ppgcienciapolitica\/wp-json\/wp\/v2\/comments?post=2846"}],"version-history":[{"count":1,"href":"https:\/\/wp.ufpel.edu.br\/ppgcienciapolitica\/wp-json\/wp\/v2\/posts\/2846\/revisions"}],"predecessor-version":[{"id":2848,"href":"https:\/\/wp.ufpel.edu.br\/ppgcienciapolitica\/wp-json\/wp\/v2\/posts\/2846\/revisions\/2848"}],"wp:attachment":[{"href":"https:\/\/wp.ufpel.edu.br\/ppgcienciapolitica\/wp-json\/wp\/v2\/media?parent=2846"}],"wp:term":[{"taxonomy":"category","embeddable":true,"href":"https:\/\/wp.ufpel.edu.br\/ppgcienciapolitica\/wp-json\/wp\/v2\/categories?post=2846"},{"taxonomy":"post_tag","embeddable":true,"href":"https:\/\/wp.ufpel.edu.br\/ppgcienciapolitica\/wp-json\/wp\/v2\/tags?post=2846"}],"curies":[{"name":"wp","href":"https:\/\/api.w.org\/{rel}","templated":true}]}}