{"id":2805,"date":"2019-06-20T11:56:14","date_gmt":"2019-06-20T14:56:14","guid":{"rendered":"https:\/\/wp.ufpel.edu.br\/ppgcienciapolitica\/?p=2805"},"modified":"2019-06-20T11:56:14","modified_gmt":"2019-06-20T14:56:14","slug":"selecoes-mestrado-e-doutorado-turmas-2020","status":"publish","type":"post","link":"https:\/\/wp.ufpel.edu.br\/ppgcienciapolitica\/selecoes-mestrado-e-doutorado-turmas-2020\/","title":{"rendered":"Sele\u00e7\u00f5es Mestrado e Doutorado &#8211; Turmas 2020"},"content":{"rendered":"<p>Informamos que as sele\u00e7\u00f5es de alunos\/as regulares para Mestrado e Doutorado (Turmas 2020) do PPGCPol ser\u00e3o realizadas no ano de 2020.<br \/>\nA sele\u00e7\u00e3o de Mestrado est\u00e1 prevista para fevereiro de 2020, com in\u00edcio das atividades para o I Semestre do ano.<br \/>\nA sele\u00e7\u00e3o de Doutorado est\u00e1 prevista para que o ingresso da Turma ocorra no II Semestre de 2020.<br \/>\nNovas informa\u00e7\u00f5es ser\u00e3o publicadas no site e no Facebook do PPGCPol.<\/p>\n","protected":false},"excerpt":{"rendered":"<p>Informamos que as sele\u00e7\u00f5es de alunos\/as regulares para Mestrado e Doutorado (Turmas 2020) do PPGCPol ser\u00e3o realizadas no ano de 2020. A sele\u00e7\u00e3o de Mestrado est\u00e1 prevista para fevereiro de 2020, com in\u00edcio das atividades para o I Semestre do ano. A sele\u00e7\u00e3o de Doutorado est\u00e1 prevista para que o ingresso da Turma ocorra no [&hellip;]<\/p>\n","protected":false},"author":555,"featured_media":0,"comment_status":"closed","ping_status":"closed","sticky":false,"template":"","format":"standard","meta":{"_jetpack_memberships_contains_paid_content":false,"footnotes":""},"categories":[12],"tags":[],"class_list":["post-2805","post","type-post","status-publish","format-standard","hentry","category-sem-categoria-pt"],"jetpack_featured_media_url":"","jetpack_sharing_enabled":true,"_links":{"self":[{"href":"https:\/\/wp.ufpel.edu.br\/ppgcienciapolitica\/wp-json\/wp\/v2\/posts\/2805","targetHints":{"allow":["GET"]}}],"collection":[{"href":"https:\/\/wp.ufpel.edu.br\/ppgcienciapolitica\/wp-json\/wp\/v2\/posts"}],"about":[{"href":"https:\/\/wp.ufpel.edu.br\/ppgcienciapolitica\/wp-json\/wp\/v2\/types\/post"}],"author":[{"embeddable":true,"href":"https:\/\/wp.ufpel.edu.br\/ppgcienciapolitica\/wp-json\/wp\/v2\/users\/555"}],"replies":[{"embeddable":true,"href":"https:\/\/wp.ufpel.edu.br\/ppgcienciapolitica\/wp-json\/wp\/v2\/comments?post=2805"}],"version-history":[{"count":1,"href":"https:\/\/wp.ufpel.edu.br\/ppgcienciapolitica\/wp-json\/wp\/v2\/posts\/2805\/revisions"}],"predecessor-version":[{"id":2806,"href":"https:\/\/wp.ufpel.edu.br\/ppgcienciapolitica\/wp-json\/wp\/v2\/posts\/2805\/revisions\/2806"}],"wp:attachment":[{"href":"https:\/\/wp.ufpel.edu.br\/ppgcienciapolitica\/wp-json\/wp\/v2\/media?parent=2805"}],"wp:term":[{"taxonomy":"category","embeddable":true,"href":"https:\/\/wp.ufpel.edu.br\/ppgcienciapolitica\/wp-json\/wp\/v2\/categories?post=2805"},{"taxonomy":"post_tag","embeddable":true,"href":"https:\/\/wp.ufpel.edu.br\/ppgcienciapolitica\/wp-json\/wp\/v2\/tags?post=2805"}],"curies":[{"name":"wp","href":"https:\/\/api.w.org\/{rel}","templated":true}]}}