{"id":2800,"date":"2019-06-13T21:44:41","date_gmt":"2019-06-14T00:44:41","guid":{"rendered":"https:\/\/wp.ufpel.edu.br\/ppgcienciapolitica\/?p=2800"},"modified":"2019-06-13T21:45:34","modified_gmt":"2019-06-14T00:45:34","slug":"disciplinas-e-matriculas-2019-ii","status":"publish","type":"post","link":"https:\/\/wp.ufpel.edu.br\/ppgcienciapolitica\/disciplinas-e-matriculas-2019-ii\/","title":{"rendered":"Disciplinas e Matr\u00edculas 2019\/II"},"content":{"rendered":"<p>As disciplinas ofertadas pelo PPGCPol em 2019\/II podem ser verificadas<span class=\"apple-converted-space\"> <a href=\"https:\/\/wp.ufpel.edu.br\/ppgcienciapolitica\/files\/2019\/06\/Hor\u00e1rios-Disciplinas-2019-II.pdf\">aqui<\/a><\/span>.<\/p>\n<p>As matr\u00edculas de<span class=\"apple-converted-space\">\u00a0<\/span><b>alunos\/as regulares<\/b><span class=\"apple-converted-space\">\u00a0<\/span>do PPGCPol para o primeiro semestre de 2019 ocorrer\u00e3o em:<\/p>\n<p><!--more-->\u2013 05 de agosto: alunos\/as regulares<span class=\"apple-converted-space\">\u00a0<\/span><strong>ingressantes no Doutorado em 2019 <\/strong>(matr\u00edcula presencial, alunos\/as que ainda n\u00e3o apresentaram o certificado de conclus\u00e3o\/diploma e hist\u00f3rico escolar do Mestrado, dever\u00e3o apresent\u00e1-los no ato da matr\u00edcula, sob risco de n\u00e3o terem a matr\u00edcula efetivada);<span id=\"more-2039\"><\/span><\/p>\n<p>\u2013 06 e 07 de agosto: demais alunos\/as regulares (envio do formul\u00e1rio de matr\u00edcula, assinado pelo\/a aluno\/a e orientador\/a, para o e-mail ppgcpol@gmail.com).<\/p>\n<p>Indica-se que seja verificado junto ao\/\u00e0 orientador\/a as disciplinas optativas a serem cursadas.<\/p>\n<p>As matr\u00edculas de <strong>alunos\/as especiais<\/strong><span class=\"apple-converted-space\">\u00a0<\/span>do PPGCPol para o segundo semestre de 2019 ocorrer\u00e3o em 08 de agosto (matr\u00edcula presencial). (Edital de sele\u00e7\u00e3o a ser lan\u00e7ado em julho de 2019).<\/p>\n<p>O <b>in\u00edcio das aulas\u00a0<\/b>ser\u00e1 em <b>12 de agosto de 2019<\/b>.<\/p>\n<p>Formul\u00e1rio de matr\u00edcula dispon\u00edvel em: https:\/\/wp.ufpel.edu.br\/ppgcienciapolitica\/documentos\/formularios\/<\/p>\n","protected":false},"excerpt":{"rendered":"<p>As disciplinas ofertadas pelo PPGCPol em 2019\/II podem ser verificadas aqui. As matr\u00edculas de\u00a0alunos\/as regulares\u00a0do PPGCPol para o primeiro semestre de 2019 ocorrer\u00e3o em:<\/p>\n","protected":false},"author":555,"featured_media":0,"comment_status":"closed","ping_status":"closed","sticky":false,"template":"","format":"standard","meta":{"_jetpack_memberships_contains_paid_content":false,"footnotes":""},"categories":[12],"tags":[],"class_list":["post-2800","post","type-post","status-publish","format-standard","hentry","category-sem-categoria-pt"],"jetpack_featured_media_url":"","jetpack_sharing_enabled":true,"_links":{"self":[{"href":"https:\/\/wp.ufpel.edu.br\/ppgcienciapolitica\/wp-json\/wp\/v2\/posts\/2800","targetHints":{"allow":["GET"]}}],"collection":[{"href":"https:\/\/wp.ufpel.edu.br\/ppgcienciapolitica\/wp-json\/wp\/v2\/posts"}],"about":[{"href":"https:\/\/wp.ufpel.edu.br\/ppgcienciapolitica\/wp-json\/wp\/v2\/types\/post"}],"author":[{"embeddable":true,"href":"https:\/\/wp.ufpel.edu.br\/ppgcienciapolitica\/wp-json\/wp\/v2\/users\/555"}],"replies":[{"embeddable":true,"href":"https:\/\/wp.ufpel.edu.br\/ppgcienciapolitica\/wp-json\/wp\/v2\/comments?post=2800"}],"version-history":[{"count":2,"href":"https:\/\/wp.ufpel.edu.br\/ppgcienciapolitica\/wp-json\/wp\/v2\/posts\/2800\/revisions"}],"predecessor-version":[{"id":2803,"href":"https:\/\/wp.ufpel.edu.br\/ppgcienciapolitica\/wp-json\/wp\/v2\/posts\/2800\/revisions\/2803"}],"wp:attachment":[{"href":"https:\/\/wp.ufpel.edu.br\/ppgcienciapolitica\/wp-json\/wp\/v2\/media?parent=2800"}],"wp:term":[{"taxonomy":"category","embeddable":true,"href":"https:\/\/wp.ufpel.edu.br\/ppgcienciapolitica\/wp-json\/wp\/v2\/categories?post=2800"},{"taxonomy":"post_tag","embeddable":true,"href":"https:\/\/wp.ufpel.edu.br\/ppgcienciapolitica\/wp-json\/wp\/v2\/tags?post=2800"}],"curies":[{"name":"wp","href":"https:\/\/api.w.org\/{rel}","templated":true}]}}