{"id":2722,"date":"2019-05-23T21:11:51","date_gmt":"2019-05-24T00:11:51","guid":{"rendered":"https:\/\/wp.ufpel.edu.br\/ppgcienciapolitica\/?p=2722"},"modified":"2019-05-23T22:38:33","modified_gmt":"2019-05-24T01:38:33","slug":"qualificacoes-mestrado-turma-2018","status":"publish","type":"post","link":"https:\/\/wp.ufpel.edu.br\/ppgcienciapolitica\/qualificacoes-mestrado-turma-2018\/","title":{"rendered":"Qualifica\u00e7\u00f5es Mestrado &#8211; Turma 2018"},"content":{"rendered":"<p style=\"text-align: center\">QUALIFICA\u00c7\u00d5ES MESTRADO &#8211; TURMA 2018<\/p>\n<p>Local: IFISP &#8211; Sala 205<\/p>\n<p>&nbsp;<\/p>\n<p><strong><u>Dia 03\/06<\/u><\/strong><\/p>\n<p><strong>14.00H<\/strong>\u00a0\u2013 LUCIANO LUZ DE LIMA<\/p>\n<p>T\u00edtulo: Rela\u00e7\u00f5es de economia e pol\u00edtica na queda do Governo Dilma: o Golpe de 2016 como express\u00e3o da crise econ\u00f4mica internacional e o necess\u00e1rio aumento da superexplora\u00e7\u00e3o da for\u00e7a de trabalho no capitalismo dependente brasileiro<!--more--><\/p>\n<p>Orientador\/a: Carlos Artur Gallo<\/p>\n<p>Banca: Alvaro Barreto (PPGCPol \u2013 UFPel) e Etiene Marroni (PPGCPol \u2013 UFPel)<\/p>\n<p>&nbsp;<\/p>\n<p><strong>16.00H<\/strong>\u00a0\u2013 PEDRO HENRIQUE SILVA DE OLIVEIRA<\/p>\n<p>T\u00edtulo: Estados fr\u00e1geis e legados coloniais no s\u00e9culo XXI: uma an\u00e1lise relacional de Porto Rico e os Estados Unidos da Am\u00e9rica<\/p>\n<p>Orientador\/a: Etiene Marroni<\/p>\n<p>Banca: Carlos Artur Gallo (PPGCPol \u2013 UFPel) e Luciana Ballestrin (PPGCPol \u2013 UFPel)<\/p>\n<p>&nbsp;<\/p>\n<p><strong><u>Dia 04\/06<\/u><\/strong><strong>\u00a0<\/strong><\/p>\n<p><strong>14.00H<\/strong>\u00a0\u2013 LIANA NUNES COLL<\/p>\n<p>T\u00edtulo: Um governo dentro do governo: an\u00e1lise das parcerias entre a OSCIP Comunitas e o Executivo de Pelotas (2013-2018)<\/p>\n<p>Orientador\/a: Rosangela Schulz<\/p>\n<p>Banca: Icaro Engler (PPGCPol \u2013 UFPel) e Luciana Ballestrin (PPGCPol \u2013 UFPel)<\/p>\n<p>&nbsp;<\/p>\n<p><strong><u>Dia 06\/06<\/u><\/strong><\/p>\n<p><strong>14.00H<\/strong>\u00a0\u2013 NILTON GARCIA SAINZ<\/p>\n<p>T\u00edtulo: Discretos ou ambiciosos? A carreira eleitoral dos vice-prefeitos das capitais estaduais brasileiras (1985-2018)<\/p>\n<p>Orientador\/a: Alvaro Barreto<\/p>\n<p>Banca: Carlos Artur Gallo (PPGCPol \u2013 UFPel) e Icaro Engler (PPGCPol \u2013 UFPel)<\/p>\n<p>&nbsp;<\/p>\n<p><strong>16.00H<\/strong>\u00a0\u2013 MARIANA FELIX DE QUADROS<\/p>\n<p>T\u00edtulo: Afrodescendentes na universidade: As pol\u00edticas de a\u00e7\u00f5es afirmativas no Brasil e na Col\u00f4mbia numa perspectiva comparada (2000-2017)<\/p>\n<p>Orientador\/a: Carlos Artur Gallo<\/p>\n<p>Banca: Marcus Spolle (PPGS \u2013 UFPel) e Rosangela Schulz (PPGCPol \u2013 UFPel)<\/p>\n<p>&nbsp;<\/p>\n<p><strong><u>Dia 07\/06<\/u><\/strong><\/p>\n<p><strong>14.00H<\/strong>\u00a0\u2013 SAMIRA MARQUES DA SILVEIRA<\/p>\n<p>T\u00edtulo: Atos normativos de Lula e Dilma sobre educa\u00e7\u00e3o: Uma an\u00e1lise ideol\u00f3gica segundo a Teoria do Discurso de Ernesto Laclau<\/p>\n<p>Orientador\/a: Bianca Linhares<\/p>\n<p>Banca: Daniel de Mendon\u00e7a (PPGCPol \u2013 UFPel) e Pedro Robertt (PPGCPol \u2013 UFPel)<\/p>\n<p>&nbsp;<\/p>\n<p><strong>16.00H<\/strong>\u00a0\u2013 YNDIRA COELHO SOARES<\/p>\n<p>T\u00edtulo: Pol\u00edtica Externa, Diplomacia e Desigualdade de G\u00eanero: um estudo sobre o perfil das mulheres que chefiam as embaixadas brasileiras no exterior<\/p>\n<p>Orientador\/a: Luciana Ballestrin<\/p>\n<p>Banca: Etiene Marroni (PPGS \u2013 UFPel) e Rosangela Schulz (PPGCPol \u2013 UFPel)<\/p>\n","protected":false},"excerpt":{"rendered":"<p>QUALIFICA\u00c7\u00d5ES MESTRADO &#8211; TURMA 2018 Local: IFISP &#8211; Sala 205 &nbsp; Dia 03\/06 14.00H\u00a0\u2013 LUCIANO LUZ DE LIMA T\u00edtulo: Rela\u00e7\u00f5es de economia e pol\u00edtica na queda do Governo Dilma: o Golpe de 2016 como express\u00e3o da crise econ\u00f4mica internacional e o necess\u00e1rio aumento da superexplora\u00e7\u00e3o da for\u00e7a de trabalho no capitalismo dependente brasileiro<\/p>\n","protected":false},"author":555,"featured_media":0,"comment_status":"closed","ping_status":"closed","sticky":false,"template":"","format":"standard","meta":{"_jetpack_memberships_contains_paid_content":false,"footnotes":""},"categories":[12],"tags":[],"class_list":["post-2722","post","type-post","status-publish","format-standard","hentry","category-sem-categoria-pt"],"jetpack_featured_media_url":"","jetpack_sharing_enabled":true,"_links":{"self":[{"href":"https:\/\/wp.ufpel.edu.br\/ppgcienciapolitica\/wp-json\/wp\/v2\/posts\/2722","targetHints":{"allow":["GET"]}}],"collection":[{"href":"https:\/\/wp.ufpel.edu.br\/ppgcienciapolitica\/wp-json\/wp\/v2\/posts"}],"about":[{"href":"https:\/\/wp.ufpel.edu.br\/ppgcienciapolitica\/wp-json\/wp\/v2\/types\/post"}],"author":[{"embeddable":true,"href":"https:\/\/wp.ufpel.edu.br\/ppgcienciapolitica\/wp-json\/wp\/v2\/users\/555"}],"replies":[{"embeddable":true,"href":"https:\/\/wp.ufpel.edu.br\/ppgcienciapolitica\/wp-json\/wp\/v2\/comments?post=2722"}],"version-history":[{"count":5,"href":"https:\/\/wp.ufpel.edu.br\/ppgcienciapolitica\/wp-json\/wp\/v2\/posts\/2722\/revisions"}],"predecessor-version":[{"id":2727,"href":"https:\/\/wp.ufpel.edu.br\/ppgcienciapolitica\/wp-json\/wp\/v2\/posts\/2722\/revisions\/2727"}],"wp:attachment":[{"href":"https:\/\/wp.ufpel.edu.br\/ppgcienciapolitica\/wp-json\/wp\/v2\/media?parent=2722"}],"wp:term":[{"taxonomy":"category","embeddable":true,"href":"https:\/\/wp.ufpel.edu.br\/ppgcienciapolitica\/wp-json\/wp\/v2\/categories?post=2722"},{"taxonomy":"post_tag","embeddable":true,"href":"https:\/\/wp.ufpel.edu.br\/ppgcienciapolitica\/wp-json\/wp\/v2\/tags?post=2722"}],"curies":[{"name":"wp","href":"https:\/\/api.w.org\/{rel}","templated":true}]}}