{"id":2716,"date":"2019-05-22T09:33:18","date_gmt":"2019-05-22T12:33:18","guid":{"rendered":"https:\/\/wp.ufpel.edu.br\/ppgcienciapolitica\/?p=2716"},"modified":"2019-05-22T09:34:20","modified_gmt":"2019-05-22T12:34:20","slug":"iii-simposio-pos-estruturalismo-e-teoria-social-populismos-e-democracias-2","status":"publish","type":"post","link":"https:\/\/wp.ufpel.edu.br\/ppgcienciapolitica\/iii-simposio-pos-estruturalismo-e-teoria-social-populismos-e-democracias-2\/","title":{"rendered":"III Simp\u00f3sio P\u00f3s-Estruturalismo e Teoria Social: Populismos e Democracias"},"content":{"rendered":"<p><span style=\"color: #000000;font-family: Times New Roman, serif;font-size: medium\"><a href=\"https:\/\/wp.ufpel.edu.br\/ppgcienciapolitica\/files\/2019\/05\/Banner-Finalizado-1.jpg\"><img class=\"wp-image-2717 alignleft\" src=\"https:\/\/wp.ufpel.edu.br\/ppgcienciapolitica\/files\/2019\/05\/Banner-Finalizado-1.jpg\" alt=\"\" width=\"438\" height=\"619\" srcset=\"https:\/\/wp.ufpel.edu.br\/ppgcienciapolitica\/files\/2019\/05\/Banner-Finalizado-1.jpg 1654w, https:\/\/wp.ufpel.edu.br\/ppgcienciapolitica\/files\/2019\/05\/Banner-Finalizado-1-283x400.jpg 283w, https:\/\/wp.ufpel.edu.br\/ppgcienciapolitica\/files\/2019\/05\/Banner-Finalizado-1-768x1086.jpg 768w, https:\/\/wp.ufpel.edu.br\/ppgcienciapolitica\/files\/2019\/05\/Banner-Finalizado-1-724x1024.jpg 724w\" sizes=\"(max-width: 438px) 100vw, 438px\" \/><\/a><\/span><\/p>\n<p>&nbsp;<\/p>\n<p>&nbsp;<\/p>\n<p><span style=\"font-family: 'times new roman', times, serif;color: #000000;font-size: 12pt\">O PPGCPol e o Grupo de Pesquisa\u00a0Ideologia\u00a0e An\u00e1lise de Discurso promovem na pr\u00f3xima semana, dias 27, 28 e 29 de maio, o III Simp\u00f3sio P\u00f3s-Estruturalismo e Teoria Social: Populismos e Democracias. O evento conta com confer\u00eancias, mesas redondas e apresenta\u00e7\u00f5es de trabalho.\u00a0O Simp\u00f3sio est\u00e1 registrado como projeto de extens\u00e3o na UFPel e aceita inscri\u00e7\u00f5es de ouvintes. As atividades ser\u00e3o realizadas no CEHUS.\u00a0Mais informa\u00e7\u00f5es est\u00e3o dispon\u00edveis no site:\u00a0<a style=\"color: #000000\" href=\"https:\/\/wp.ufpel.edu.br\/legadolaclau\/pt\/\" target=\"_blank\" rel=\"noopener noreferrer\" data-saferedirecturl=\"https:\/\/www.google.com\/url?q=https:\/\/wp.ufpel.edu.br\/legadolaclau\/pt\/&amp;source=gmail&amp;ust=1558614361132000&amp;usg=AFQjCNHc6PBnxUsF6CCilPVbu0PDGuyp6g\">https:\/\/wp.ufpel.edu.br\/legadolaclau\/pt<\/a><\/span><\/p>\n","protected":false},"excerpt":{"rendered":"<p>&nbsp; &nbsp; O PPGCPol e o Grupo de Pesquisa\u00a0Ideologia\u00a0e An\u00e1lise de Discurso promovem na pr\u00f3xima semana, dias 27, 28 e 29 de maio, o III Simp\u00f3sio P\u00f3s-Estruturalismo e Teoria Social: Populismos e Democracias. O evento conta com confer\u00eancias, mesas redondas e apresenta\u00e7\u00f5es de trabalho.\u00a0O Simp\u00f3sio est\u00e1 registrado como projeto de extens\u00e3o na UFPel e aceita [&hellip;]<\/p>\n","protected":false},"author":555,"featured_media":0,"comment_status":"closed","ping_status":"closed","sticky":false,"template":"","format":"standard","meta":{"_jetpack_memberships_contains_paid_content":false,"footnotes":""},"categories":[12],"tags":[],"class_list":["post-2716","post","type-post","status-publish","format-standard","hentry","category-sem-categoria-pt"],"jetpack_featured_media_url":"","jetpack_sharing_enabled":true,"_links":{"self":[{"href":"https:\/\/wp.ufpel.edu.br\/ppgcienciapolitica\/wp-json\/wp\/v2\/posts\/2716","targetHints":{"allow":["GET"]}}],"collection":[{"href":"https:\/\/wp.ufpel.edu.br\/ppgcienciapolitica\/wp-json\/wp\/v2\/posts"}],"about":[{"href":"https:\/\/wp.ufpel.edu.br\/ppgcienciapolitica\/wp-json\/wp\/v2\/types\/post"}],"author":[{"embeddable":true,"href":"https:\/\/wp.ufpel.edu.br\/ppgcienciapolitica\/wp-json\/wp\/v2\/users\/555"}],"replies":[{"embeddable":true,"href":"https:\/\/wp.ufpel.edu.br\/ppgcienciapolitica\/wp-json\/wp\/v2\/comments?post=2716"}],"version-history":[{"count":3,"href":"https:\/\/wp.ufpel.edu.br\/ppgcienciapolitica\/wp-json\/wp\/v2\/posts\/2716\/revisions"}],"predecessor-version":[{"id":2720,"href":"https:\/\/wp.ufpel.edu.br\/ppgcienciapolitica\/wp-json\/wp\/v2\/posts\/2716\/revisions\/2720"}],"wp:attachment":[{"href":"https:\/\/wp.ufpel.edu.br\/ppgcienciapolitica\/wp-json\/wp\/v2\/media?parent=2716"}],"wp:term":[{"taxonomy":"category","embeddable":true,"href":"https:\/\/wp.ufpel.edu.br\/ppgcienciapolitica\/wp-json\/wp\/v2\/categories?post=2716"},{"taxonomy":"post_tag","embeddable":true,"href":"https:\/\/wp.ufpel.edu.br\/ppgcienciapolitica\/wp-json\/wp\/v2\/tags?post=2716"}],"curies":[{"name":"wp","href":"https:\/\/api.w.org\/{rel}","templated":true}]}}