{"id":2689,"date":"2019-05-10T16:35:50","date_gmt":"2019-05-10T19:35:50","guid":{"rendered":"https:\/\/wp.ufpel.edu.br\/ppgcienciapolitica\/?p=2689"},"modified":"2019-05-10T16:35:50","modified_gmt":"2019-05-10T19:35:50","slug":"i-seminario-de-ciencia-politica-da-ufpel","status":"publish","type":"post","link":"https:\/\/wp.ufpel.edu.br\/ppgcienciapolitica\/i-seminario-de-ciencia-politica-da-ufpel\/","title":{"rendered":"I Semin\u00e1rio de Ci\u00eancia Pol\u00edtica da UFPel"},"content":{"rendered":"<p><a href=\"https:\/\/wp.ufpel.edu.br\/ppgcienciapolitica\/files\/2019\/05\/banner_site_scpufpel.jpg\"><img class=\"alignnone size-full wp-image-2690\" src=\"https:\/\/wp.ufpel.edu.br\/ppgcienciapolitica\/files\/2019\/05\/banner_site_scpufpel.jpg\" alt=\"\" width=\"800\" height=\"176\" srcset=\"https:\/\/wp.ufpel.edu.br\/ppgcienciapolitica\/files\/2019\/05\/banner_site_scpufpel.jpg 800w, https:\/\/wp.ufpel.edu.br\/ppgcienciapolitica\/files\/2019\/05\/banner_site_scpufpel-400x88.jpg 400w, https:\/\/wp.ufpel.edu.br\/ppgcienciapolitica\/files\/2019\/05\/banner_site_scpufpel-768x169.jpg 768w\" sizes=\"(max-width: 800px) 100vw, 800px\" \/><\/a>A partir desta sexta-feira, dia 10\/05\/2019, est\u00e1 aberto o prazo para envio de resumos para o <strong>I Semin\u00e1rio de Ci\u00eancia Pol\u00edtica da UFPel<\/strong>.<\/p>\n<p>Informa\u00e7\u00f5es em: https:\/\/wp.ufpel.edu.br\/scpufpel<\/p>\n","protected":false},"excerpt":{"rendered":"<p>A partir desta sexta-feira, dia 10\/05\/2019, est\u00e1 aberto o prazo para envio de resumos para o I Semin\u00e1rio de Ci\u00eancia Pol\u00edtica da UFPel. Informa\u00e7\u00f5es em: https:\/\/wp.ufpel.edu.br\/scpufpel<\/p>\n","protected":false},"author":555,"featured_media":0,"comment_status":"closed","ping_status":"closed","sticky":false,"template":"","format":"standard","meta":{"_jetpack_memberships_contains_paid_content":false,"footnotes":""},"categories":[12],"tags":[],"class_list":["post-2689","post","type-post","status-publish","format-standard","hentry","category-sem-categoria-pt"],"jetpack_featured_media_url":"","jetpack_sharing_enabled":true,"_links":{"self":[{"href":"https:\/\/wp.ufpel.edu.br\/ppgcienciapolitica\/wp-json\/wp\/v2\/posts\/2689","targetHints":{"allow":["GET"]}}],"collection":[{"href":"https:\/\/wp.ufpel.edu.br\/ppgcienciapolitica\/wp-json\/wp\/v2\/posts"}],"about":[{"href":"https:\/\/wp.ufpel.edu.br\/ppgcienciapolitica\/wp-json\/wp\/v2\/types\/post"}],"author":[{"embeddable":true,"href":"https:\/\/wp.ufpel.edu.br\/ppgcienciapolitica\/wp-json\/wp\/v2\/users\/555"}],"replies":[{"embeddable":true,"href":"https:\/\/wp.ufpel.edu.br\/ppgcienciapolitica\/wp-json\/wp\/v2\/comments?post=2689"}],"version-history":[{"count":1,"href":"https:\/\/wp.ufpel.edu.br\/ppgcienciapolitica\/wp-json\/wp\/v2\/posts\/2689\/revisions"}],"predecessor-version":[{"id":2691,"href":"https:\/\/wp.ufpel.edu.br\/ppgcienciapolitica\/wp-json\/wp\/v2\/posts\/2689\/revisions\/2691"}],"wp:attachment":[{"href":"https:\/\/wp.ufpel.edu.br\/ppgcienciapolitica\/wp-json\/wp\/v2\/media?parent=2689"}],"wp:term":[{"taxonomy":"category","embeddable":true,"href":"https:\/\/wp.ufpel.edu.br\/ppgcienciapolitica\/wp-json\/wp\/v2\/categories?post=2689"},{"taxonomy":"post_tag","embeddable":true,"href":"https:\/\/wp.ufpel.edu.br\/ppgcienciapolitica\/wp-json\/wp\/v2\/tags?post=2689"}],"curies":[{"name":"wp","href":"https:\/\/api.w.org\/{rel}","templated":true}]}}