{"id":2091,"date":"2019-03-25T14:49:38","date_gmt":"2019-03-25T17:49:38","guid":{"rendered":"https:\/\/wp.ufpel.edu.br\/ppgcienciapolitica\/?p=2091"},"modified":"2019-04-04T17:46:48","modified_gmt":"2019-04-04T20:46:48","slug":"professor-do-ppgcpol-e-entrevistado-pela-revista-estudos-ibero-americanos","status":"publish","type":"post","link":"https:\/\/wp.ufpel.edu.br\/ppgcienciapolitica\/professor-do-ppgcpol-e-entrevistado-pela-revista-estudos-ibero-americanos\/","title":{"rendered":"Professor do PPGCPol \u00e9 entrevistado pela Revista Estudos Ibero-Americanos"},"content":{"rendered":"<p>O professor Carlos Gallo, do PPGCPol, concedeu entrevista para a professora Tatyana de Amaral Maia (Programa de P\u00f3s-Gradua\u00e7\u00e3o em Hist\u00f3ria da PUC-RS). \u00a0A entrevista foi publicada no peri\u00f3dico Estudos Ibero-Americanos (EIA) e est\u00e1 dispon\u00edvel em: <a href=\"http:\/\/revistaseletronicas.pucrs.br\/ojs\/index.php\/iberoamericana\/article\/view\/32818\/17843\">http:\/\/revistaseletronicas.pucrs.br\/ojs\/index.php\/iberoamericana\/article\/view\/32818\/17843<\/a><\/p>\n","protected":false},"excerpt":{"rendered":"<p>O professor Carlos Gallo, do PPGCPol, concedeu entrevista para a professora Tatyana de Amaral Maia (Programa de P\u00f3s-Gradua\u00e7\u00e3o em Hist\u00f3ria da PUC-RS). \u00a0A entrevista foi publicada no peri\u00f3dico Estudos Ibero-Americanos (EIA) e est\u00e1 dispon\u00edvel em: http:\/\/revistaseletronicas.pucrs.br\/ojs\/index.php\/iberoamericana\/article\/view\/32818\/17843<\/p>\n","protected":false},"author":555,"featured_media":0,"comment_status":"closed","ping_status":"closed","sticky":false,"template":"","format":"standard","meta":{"_jetpack_memberships_contains_paid_content":false,"footnotes":""},"categories":[25],"tags":[],"class_list":["post-2091","post","type-post","status-publish","format-standard","hentry","category-noticias-pt"],"jetpack_featured_media_url":"","jetpack_sharing_enabled":true,"_links":{"self":[{"href":"https:\/\/wp.ufpel.edu.br\/ppgcienciapolitica\/wp-json\/wp\/v2\/posts\/2091","targetHints":{"allow":["GET"]}}],"collection":[{"href":"https:\/\/wp.ufpel.edu.br\/ppgcienciapolitica\/wp-json\/wp\/v2\/posts"}],"about":[{"href":"https:\/\/wp.ufpel.edu.br\/ppgcienciapolitica\/wp-json\/wp\/v2\/types\/post"}],"author":[{"embeddable":true,"href":"https:\/\/wp.ufpel.edu.br\/ppgcienciapolitica\/wp-json\/wp\/v2\/users\/555"}],"replies":[{"embeddable":true,"href":"https:\/\/wp.ufpel.edu.br\/ppgcienciapolitica\/wp-json\/wp\/v2\/comments?post=2091"}],"version-history":[{"count":1,"href":"https:\/\/wp.ufpel.edu.br\/ppgcienciapolitica\/wp-json\/wp\/v2\/posts\/2091\/revisions"}],"predecessor-version":[{"id":2092,"href":"https:\/\/wp.ufpel.edu.br\/ppgcienciapolitica\/wp-json\/wp\/v2\/posts\/2091\/revisions\/2092"}],"wp:attachment":[{"href":"https:\/\/wp.ufpel.edu.br\/ppgcienciapolitica\/wp-json\/wp\/v2\/media?parent=2091"}],"wp:term":[{"taxonomy":"category","embeddable":true,"href":"https:\/\/wp.ufpel.edu.br\/ppgcienciapolitica\/wp-json\/wp\/v2\/categories?post=2091"},{"taxonomy":"post_tag","embeddable":true,"href":"https:\/\/wp.ufpel.edu.br\/ppgcienciapolitica\/wp-json\/wp\/v2\/tags?post=2091"}],"curies":[{"name":"wp","href":"https:\/\/api.w.org\/{rel}","templated":true}]}}