{"id":2089,"date":"2019-03-20T14:33:45","date_gmt":"2019-03-20T17:33:45","guid":{"rendered":"https:\/\/wp.ufpel.edu.br\/ppgcienciapolitica\/?p=2089"},"modified":"2019-04-04T17:47:21","modified_gmt":"2019-04-04T20:47:21","slug":"iii-simposio-pos-estruturalismo-e-teoria-social-populismos-e-democracias","status":"publish","type":"post","link":"https:\/\/wp.ufpel.edu.br\/ppgcienciapolitica\/iii-simposio-pos-estruturalismo-e-teoria-social-populismos-e-democracias\/","title":{"rendered":"III Simp\u00f3sio P\u00f3s-Estruturalismo e Teoria Social: Populismos e Democracias"},"content":{"rendered":"<p><strong><span style=\"color: #993300\">III Simp\u00f3sio P\u00f3s-Estruturalismo e Teoria Social: Populismos e Democracias<\/span><\/strong><\/p>\n<p><a href=\"https:\/\/wp.ufpel.edu.br\/ppgcienciapolitica\/files\/2018\/10\/Alterado-com-data.jpg\"><img class=\"wp-image-1942 alignleft\" src=\"https:\/\/wp.ufpel.edu.br\/ppgcienciapolitica\/files\/2018\/10\/Alterado-com-data.jpg\" alt=\"\" width=\"379\" height=\"283\" srcset=\"https:\/\/wp.ufpel.edu.br\/ppgcienciapolitica\/files\/2018\/10\/Alterado-com-data.jpg 5286w, https:\/\/wp.ufpel.edu.br\/ppgcienciapolitica\/files\/2018\/10\/Alterado-com-data-400x299.jpg 400w, https:\/\/wp.ufpel.edu.br\/ppgcienciapolitica\/files\/2018\/10\/Alterado-com-data-768x574.jpg 768w, https:\/\/wp.ufpel.edu.br\/ppgcienciapolitica\/files\/2018\/10\/Alterado-com-data-1024x765.jpg 1024w\" sizes=\"(max-width: 379px) 100vw, 379px\" \/><\/a><\/p>\n<p>O \u201cIII Simp\u00f3sio P\u00f3s-Estruturalismo e Teoria Social: Populismos e Democracias\u201d \u00e9 um evento internacional organizado pelo Grupo de Pesquisa Ideologia e An\u00e1lise de Discurso e pelo Programa de P\u00f3s-Gradua\u00e7\u00e3o em Ci\u00eancia Pol\u00edtica, do Instituto de Filosofia, Sociologia e Pol\u00edtica, da Universidade Federal de Pelotas, Pelotas, Brasil. Organizado a partir de confer\u00eancias, mesas redondas e grupos de trabalho, o objetivo do Simp\u00f3sio \u00e9 reunir pesquisadores do Brasil e do exterior para discuss\u00f5es em torno das mais diversas abordagens te\u00f3ricas situadas no campo do p\u00f3s-estruturalismo, numa perspectiva transdisciplinar. O evento ocorrer\u00e1 entre 27 e 29 de maio de 2019 na UFPel.<\/p>\n<p>Para mais informa\u00e7\u00f5es acesse:\u00a0<a href=\"https:\/\/wp.ufpel.edu.br\/legadolaclau\/\">https:\/\/wp.ufpel.edu.br\/legadolaclau\/<\/a>\u00a0e\u00a0<a href=\"https:\/\/www.facebook.com\/simposioernestolaclauufpel\/\">https:\/\/www.facebook.com\/simposioernestolaclauufpel\/<\/a><\/p>\n","protected":false},"excerpt":{"rendered":"<p>III Simp\u00f3sio P\u00f3s-Estruturalismo e Teoria Social: Populismos e Democracias O \u201cIII Simp\u00f3sio P\u00f3s-Estruturalismo e Teoria Social: Populismos e Democracias\u201d \u00e9 um evento internacional organizado pelo Grupo de Pesquisa Ideologia e An\u00e1lise de Discurso e pelo Programa de P\u00f3s-Gradua\u00e7\u00e3o em Ci\u00eancia Pol\u00edtica, do Instituto de Filosofia, Sociologia e Pol\u00edtica, da Universidade Federal de Pelotas, Pelotas, Brasil. [&hellip;]<\/p>\n","protected":false},"author":555,"featured_media":0,"comment_status":"closed","ping_status":"closed","sticky":false,"template":"","format":"standard","meta":{"_jetpack_memberships_contains_paid_content":false,"footnotes":""},"categories":[25],"tags":[],"class_list":["post-2089","post","type-post","status-publish","format-standard","hentry","category-noticias-pt"],"jetpack_featured_media_url":"","jetpack_sharing_enabled":true,"_links":{"self":[{"href":"https:\/\/wp.ufpel.edu.br\/ppgcienciapolitica\/wp-json\/wp\/v2\/posts\/2089","targetHints":{"allow":["GET"]}}],"collection":[{"href":"https:\/\/wp.ufpel.edu.br\/ppgcienciapolitica\/wp-json\/wp\/v2\/posts"}],"about":[{"href":"https:\/\/wp.ufpel.edu.br\/ppgcienciapolitica\/wp-json\/wp\/v2\/types\/post"}],"author":[{"embeddable":true,"href":"https:\/\/wp.ufpel.edu.br\/ppgcienciapolitica\/wp-json\/wp\/v2\/users\/555"}],"replies":[{"embeddable":true,"href":"https:\/\/wp.ufpel.edu.br\/ppgcienciapolitica\/wp-json\/wp\/v2\/comments?post=2089"}],"version-history":[{"count":1,"href":"https:\/\/wp.ufpel.edu.br\/ppgcienciapolitica\/wp-json\/wp\/v2\/posts\/2089\/revisions"}],"predecessor-version":[{"id":2090,"href":"https:\/\/wp.ufpel.edu.br\/ppgcienciapolitica\/wp-json\/wp\/v2\/posts\/2089\/revisions\/2090"}],"wp:attachment":[{"href":"https:\/\/wp.ufpel.edu.br\/ppgcienciapolitica\/wp-json\/wp\/v2\/media?parent=2089"}],"wp:term":[{"taxonomy":"category","embeddable":true,"href":"https:\/\/wp.ufpel.edu.br\/ppgcienciapolitica\/wp-json\/wp\/v2\/categories?post=2089"},{"taxonomy":"post_tag","embeddable":true,"href":"https:\/\/wp.ufpel.edu.br\/ppgcienciapolitica\/wp-json\/wp\/v2\/tags?post=2089"}],"curies":[{"name":"wp","href":"https:\/\/api.w.org\/{rel}","templated":true}]}}