{"id":2057,"date":"2019-03-11T13:05:18","date_gmt":"2019-03-11T16:05:18","guid":{"rendered":"https:\/\/wp.ufpel.edu.br\/ppgcienciapolitica\/?p=2057"},"modified":"2019-04-04T17:48:30","modified_gmt":"2019-04-04T20:48:30","slug":"selecao-de-aluno-especial-2019-i-resultado-e-matriculas","status":"publish","type":"post","link":"https:\/\/wp.ufpel.edu.br\/ppgcienciapolitica\/selecao-de-aluno-especial-2019-i-resultado-e-matriculas\/","title":{"rendered":"Sele\u00e7\u00e3o de Aluno Especial 2019\/I &#8211; Resultado e Matr\u00edculas"},"content":{"rendered":"<p>O resultado do Edital de Aluno Especial do PPGCPol (2019\/I) pode ser verificado <a href=\"https:\/\/wp.ufpel.edu.br\/ppgcienciapolitica\/files\/2019\/03\/Aprovados-na-sele\u00e7\u00e3o-Aluno-Especial-PPGCPol-2019-1.pdf\">aqui<\/a>.<\/p>\n<p>As matr\u00edculas de\u00a0alunos especiais\u00a0do PPGCPol para o primeiro semestre de 2019 ocorrer\u00e3o em 14 de mar\u00e7o, das 14h \u00e0s 15h, na secretaria do PPGCPol.<\/p>\n<p>As aulas iniciam em 18 de mar\u00e7o.<\/p>\n<p>Formul\u00e1rio de matr\u00edcula dispon\u00edvel em:<a href=\"https:\/\/wp.ufpel.edu.br\/ppgcienciapolitica\/documentos\/formularios\/\"> https:\/\/wp.ufpel.edu.br\/ppgcienciapolitica\/documentos\/formularios\/<\/a><\/p>\n","protected":false},"excerpt":{"rendered":"<p>O resultado do Edital de Aluno Especial do PPGCPol (2019\/I) pode ser verificado aqui. As matr\u00edculas de\u00a0alunos especiais\u00a0do PPGCPol para o primeiro semestre de 2019 ocorrer\u00e3o em 14 de mar\u00e7o, das 14h \u00e0s 15h, na secretaria do PPGCPol. As aulas iniciam em 18 de mar\u00e7o. Formul\u00e1rio de matr\u00edcula dispon\u00edvel em: https:\/\/wp.ufpel.edu.br\/ppgcienciapolitica\/documentos\/formularios\/<\/p>\n","protected":false},"author":555,"featured_media":0,"comment_status":"closed","ping_status":"closed","sticky":false,"template":"","format":"standard","meta":{"_jetpack_memberships_contains_paid_content":false,"footnotes":""},"categories":[25],"tags":[],"class_list":["post-2057","post","type-post","status-publish","format-standard","hentry","category-noticias-pt"],"jetpack_featured_media_url":"","jetpack_sharing_enabled":true,"_links":{"self":[{"href":"https:\/\/wp.ufpel.edu.br\/ppgcienciapolitica\/wp-json\/wp\/v2\/posts\/2057","targetHints":{"allow":["GET"]}}],"collection":[{"href":"https:\/\/wp.ufpel.edu.br\/ppgcienciapolitica\/wp-json\/wp\/v2\/posts"}],"about":[{"href":"https:\/\/wp.ufpel.edu.br\/ppgcienciapolitica\/wp-json\/wp\/v2\/types\/post"}],"author":[{"embeddable":true,"href":"https:\/\/wp.ufpel.edu.br\/ppgcienciapolitica\/wp-json\/wp\/v2\/users\/555"}],"replies":[{"embeddable":true,"href":"https:\/\/wp.ufpel.edu.br\/ppgcienciapolitica\/wp-json\/wp\/v2\/comments?post=2057"}],"version-history":[{"count":2,"href":"https:\/\/wp.ufpel.edu.br\/ppgcienciapolitica\/wp-json\/wp\/v2\/posts\/2057\/revisions"}],"predecessor-version":[{"id":2060,"href":"https:\/\/wp.ufpel.edu.br\/ppgcienciapolitica\/wp-json\/wp\/v2\/posts\/2057\/revisions\/2060"}],"wp:attachment":[{"href":"https:\/\/wp.ufpel.edu.br\/ppgcienciapolitica\/wp-json\/wp\/v2\/media?parent=2057"}],"wp:term":[{"taxonomy":"category","embeddable":true,"href":"https:\/\/wp.ufpel.edu.br\/ppgcienciapolitica\/wp-json\/wp\/v2\/categories?post=2057"},{"taxonomy":"post_tag","embeddable":true,"href":"https:\/\/wp.ufpel.edu.br\/ppgcienciapolitica\/wp-json\/wp\/v2\/tags?post=2057"}],"curies":[{"name":"wp","href":"https:\/\/api.w.org\/{rel}","templated":true}]}}