{"id":2048,"date":"2019-02-12T08:40:48","date_gmt":"2019-02-12T10:40:48","guid":{"rendered":"https:\/\/wp.ufpel.edu.br\/ppgcienciapolitica\/?p=2048"},"modified":"2019-04-04T17:51:53","modified_gmt":"2019-04-04T20:51:53","slug":"edital-aluno-a-especial-2019-i","status":"publish","type":"post","link":"https:\/\/wp.ufpel.edu.br\/ppgcienciapolitica\/edital-aluno-a-especial-2019-i\/","title":{"rendered":"Edital Aluno\/a Especial 2019\/I"},"content":{"rendered":"<p>O PPGCPol far\u00e1 sele\u00e7\u00e3o de aluno\/a especial para cursar disciplinas no programa em 2019\/I.<\/p>\n<p>Acesse o\u00a0<a href=\"https:\/\/wp.ufpel.edu.br\/ppgcienciapolitica\/files\/2019\/02\/Edital-Alunoa-Especial-1-semestre-2019.pdf\">Edital de Aluno\/a Especial &#8211; PPGCPol 2019\/I<\/a>\u00a0para todas as informa\u00e7\u00f5es.<\/p>\n","protected":false},"excerpt":{"rendered":"<p>O PPGCPol far\u00e1 sele\u00e7\u00e3o de aluno\/a especial para cursar disciplinas no programa em 2019\/I. Acesse o\u00a0Edital de Aluno\/a Especial &#8211; PPGCPol 2019\/I\u00a0para todas as informa\u00e7\u00f5es.<\/p>\n","protected":false},"author":555,"featured_media":0,"comment_status":"closed","ping_status":"closed","sticky":false,"template":"","format":"standard","meta":{"_jetpack_memberships_contains_paid_content":false,"footnotes":""},"categories":[25],"tags":[],"class_list":["post-2048","post","type-post","status-publish","format-standard","hentry","category-noticias-pt"],"jetpack_featured_media_url":"","jetpack_sharing_enabled":true,"_links":{"self":[{"href":"https:\/\/wp.ufpel.edu.br\/ppgcienciapolitica\/wp-json\/wp\/v2\/posts\/2048","targetHints":{"allow":["GET"]}}],"collection":[{"href":"https:\/\/wp.ufpel.edu.br\/ppgcienciapolitica\/wp-json\/wp\/v2\/posts"}],"about":[{"href":"https:\/\/wp.ufpel.edu.br\/ppgcienciapolitica\/wp-json\/wp\/v2\/types\/post"}],"author":[{"embeddable":true,"href":"https:\/\/wp.ufpel.edu.br\/ppgcienciapolitica\/wp-json\/wp\/v2\/users\/555"}],"replies":[{"embeddable":true,"href":"https:\/\/wp.ufpel.edu.br\/ppgcienciapolitica\/wp-json\/wp\/v2\/comments?post=2048"}],"version-history":[{"count":1,"href":"https:\/\/wp.ufpel.edu.br\/ppgcienciapolitica\/wp-json\/wp\/v2\/posts\/2048\/revisions"}],"predecessor-version":[{"id":2050,"href":"https:\/\/wp.ufpel.edu.br\/ppgcienciapolitica\/wp-json\/wp\/v2\/posts\/2048\/revisions\/2050"}],"wp:attachment":[{"href":"https:\/\/wp.ufpel.edu.br\/ppgcienciapolitica\/wp-json\/wp\/v2\/media?parent=2048"}],"wp:term":[{"taxonomy":"category","embeddable":true,"href":"https:\/\/wp.ufpel.edu.br\/ppgcienciapolitica\/wp-json\/wp\/v2\/categories?post=2048"},{"taxonomy":"post_tag","embeddable":true,"href":"https:\/\/wp.ufpel.edu.br\/ppgcienciapolitica\/wp-json\/wp\/v2\/tags?post=2048"}],"curies":[{"name":"wp","href":"https:\/\/api.w.org\/{rel}","templated":true}]}}