{"id":2039,"date":"2018-12-17T14:17:36","date_gmt":"2018-12-17T16:17:36","guid":{"rendered":"https:\/\/wp.ufpel.edu.br\/ppgcienciapolitica\/?p=2039"},"modified":"2019-04-04T17:54:30","modified_gmt":"2019-04-04T20:54:30","slug":"disciplinas-e-matriculas-2019-i","status":"publish","type":"post","link":"https:\/\/wp.ufpel.edu.br\/ppgcienciapolitica\/disciplinas-e-matriculas-2019-i\/","title":{"rendered":"Disciplinas e Matr\u00edculas 2019\/I"},"content":{"rendered":"<p>As disciplinas ofertadas pelo PPGCPol em 2019\/I podem ser verificadas <a href=\"https:\/\/wp.ufpel.edu.br\/ppgcienciapolitica\/files\/2018\/12\/quadro-de-hor\u00e1rios-2019-1.pdf\">aqui<\/a>.<\/p>\n<p>As matr\u00edculas de <u>alunos regulares<\/u> do PPGCPol para o primeiro semestre de 2019 ocorrer\u00e3o em:<\/p>\n<p>&#8211; 11 de mar\u00e7o: alunos regulares <strong>ingressantes em 2019<\/strong> (matr\u00edcula presencial, alunos que ainda n\u00e3o apresentaram o certificado de conclus\u00e3o\/diploma e hist\u00f3rico escolar, dever\u00e3o apresent\u00e1-los no ato da matr\u00edcula, sob risco de n\u00e3o terem a matr\u00edcula efetivada);<!--more--><\/p>\n<p>&#8211; 12 e 13 de mar\u00e7o: demais alunos regulares (envio do formul\u00e1rio de matr\u00edcula, assinado pelo aluno e orientador\/a, para o e-mail ppgcpol@gmail.com).<\/p>\n<p>Indica-se que seja verificado junto ao\/\u00e0 orientador\/a as disciplinas optativas a serem cursadas.<\/p>\n<p>As matr\u00edculas de <u>alunos especiais<\/u> do PPGCPol para o primeiro semestre de 2019 ocorrer\u00e3o em 14 de mar\u00e7o (matr\u00edcula presencial). (Edital de sele\u00e7\u00e3o a ser lan\u00e7ado em fevereiro de 2019).<\/p>\n<p>O in\u00edcio das aulas ocorrer\u00e1 em 18 de mar\u00e7o de 2019.<\/p>\n<p>Formul\u00e1rio de matr\u00edcula dispon\u00edvel em: https:\/\/wp.ufpel.edu.br\/ppgcienciapolitica\/documentos\/formularios\/<\/p>\n","protected":false},"excerpt":{"rendered":"<p>As disciplinas ofertadas pelo PPGCPol em 2019\/I podem ser verificadas aqui. As matr\u00edculas de alunos regulares do PPGCPol para o primeiro semestre de 2019 ocorrer\u00e3o em: &#8211; 11 de mar\u00e7o: alunos regulares ingressantes em 2019 (matr\u00edcula presencial, alunos que ainda n\u00e3o apresentaram o certificado de conclus\u00e3o\/diploma e hist\u00f3rico escolar, dever\u00e3o apresent\u00e1-los no ato da matr\u00edcula, [&hellip;]<\/p>\n","protected":false},"author":555,"featured_media":0,"comment_status":"closed","ping_status":"closed","sticky":false,"template":"","format":"standard","meta":{"_jetpack_memberships_contains_paid_content":false,"footnotes":""},"categories":[25],"tags":[],"class_list":["post-2039","post","type-post","status-publish","format-standard","hentry","category-noticias-pt"],"jetpack_featured_media_url":"","jetpack_sharing_enabled":true,"_links":{"self":[{"href":"https:\/\/wp.ufpel.edu.br\/ppgcienciapolitica\/wp-json\/wp\/v2\/posts\/2039","targetHints":{"allow":["GET"]}}],"collection":[{"href":"https:\/\/wp.ufpel.edu.br\/ppgcienciapolitica\/wp-json\/wp\/v2\/posts"}],"about":[{"href":"https:\/\/wp.ufpel.edu.br\/ppgcienciapolitica\/wp-json\/wp\/v2\/types\/post"}],"author":[{"embeddable":true,"href":"https:\/\/wp.ufpel.edu.br\/ppgcienciapolitica\/wp-json\/wp\/v2\/users\/555"}],"replies":[{"embeddable":true,"href":"https:\/\/wp.ufpel.edu.br\/ppgcienciapolitica\/wp-json\/wp\/v2\/comments?post=2039"}],"version-history":[{"count":2,"href":"https:\/\/wp.ufpel.edu.br\/ppgcienciapolitica\/wp-json\/wp\/v2\/posts\/2039\/revisions"}],"predecessor-version":[{"id":2042,"href":"https:\/\/wp.ufpel.edu.br\/ppgcienciapolitica\/wp-json\/wp\/v2\/posts\/2039\/revisions\/2042"}],"wp:attachment":[{"href":"https:\/\/wp.ufpel.edu.br\/ppgcienciapolitica\/wp-json\/wp\/v2\/media?parent=2039"}],"wp:term":[{"taxonomy":"category","embeddable":true,"href":"https:\/\/wp.ufpel.edu.br\/ppgcienciapolitica\/wp-json\/wp\/v2\/categories?post=2039"},{"taxonomy":"post_tag","embeddable":true,"href":"https:\/\/wp.ufpel.edu.br\/ppgcienciapolitica\/wp-json\/wp\/v2\/tags?post=2039"}],"curies":[{"name":"wp","href":"https:\/\/api.w.org\/{rel}","templated":true}]}}