{"id":1966,"date":"2018-11-13T16:57:27","date_gmt":"2018-11-13T18:57:27","guid":{"rendered":"https:\/\/wp.ufpel.edu.br\/ppgcienciapolitica\/?p=1966"},"modified":"2019-04-04T18:09:12","modified_gmt":"2019-04-04T21:09:12","slug":"palestra-4","status":"publish","type":"post","link":"https:\/\/wp.ufpel.edu.br\/ppgcienciapolitica\/palestra-4\/","title":{"rendered":"Palestra"},"content":{"rendered":"<p><strong><span style=\"color: #993300\">O PPGCPol convida todos\/as para Palestra a ser proferida pela profa. Fl\u00e1via Biroli (UnB)<\/span><\/strong><\/p>\n<p>&nbsp;<\/p>\n<p>ALTERA\u00c7\u00c3O DE LOCAL: a palestra ser\u00e1 no Mini Audit\u00f3rio 1 do CEHUS.<\/p>\n<p><a href=\"https:\/\/wp.ufpel.edu.br\/ppgcienciapolitica\/files\/2018\/11\/Palestra-Fl\u00e1via.jpg\"><img class=\"alignnone wp-image-1964\" src=\"https:\/\/wp.ufpel.edu.br\/ppgcienciapolitica\/files\/2018\/11\/Palestra-Fl\u00e1via.jpg\" alt=\"\" width=\"820\" height=\"582\" srcset=\"https:\/\/wp.ufpel.edu.br\/ppgcienciapolitica\/files\/2018\/11\/Palestra-Fl\u00e1via.jpg 1749w, https:\/\/wp.ufpel.edu.br\/ppgcienciapolitica\/files\/2018\/11\/Palestra-Fl\u00e1via-400x284.jpg 400w, https:\/\/wp.ufpel.edu.br\/ppgcienciapolitica\/files\/2018\/11\/Palestra-Fl\u00e1via-768x545.jpg 768w, https:\/\/wp.ufpel.edu.br\/ppgcienciapolitica\/files\/2018\/11\/Palestra-Fl\u00e1via-1024x727.jpg 1024w\" sizes=\"(max-width: 820px) 100vw, 820px\" \/><\/a><\/p>\n","protected":false},"excerpt":{"rendered":"<p>O PPGCPol convida todos\/as para Palestra a ser proferida pela profa. Fl\u00e1via Biroli (UnB) &nbsp; ALTERA\u00c7\u00c3O DE LOCAL: a palestra ser\u00e1 no Mini Audit\u00f3rio 1 do CEHUS.<\/p>\n","protected":false},"author":555,"featured_media":0,"comment_status":"closed","ping_status":"closed","sticky":false,"template":"","format":"standard","meta":{"_jetpack_memberships_contains_paid_content":false,"footnotes":""},"categories":[25],"tags":[],"class_list":["post-1966","post","type-post","status-publish","format-standard","hentry","category-noticias-pt"],"jetpack_featured_media_url":"","jetpack_sharing_enabled":true,"_links":{"self":[{"href":"https:\/\/wp.ufpel.edu.br\/ppgcienciapolitica\/wp-json\/wp\/v2\/posts\/1966","targetHints":{"allow":["GET"]}}],"collection":[{"href":"https:\/\/wp.ufpel.edu.br\/ppgcienciapolitica\/wp-json\/wp\/v2\/posts"}],"about":[{"href":"https:\/\/wp.ufpel.edu.br\/ppgcienciapolitica\/wp-json\/wp\/v2\/types\/post"}],"author":[{"embeddable":true,"href":"https:\/\/wp.ufpel.edu.br\/ppgcienciapolitica\/wp-json\/wp\/v2\/users\/555"}],"replies":[{"embeddable":true,"href":"https:\/\/wp.ufpel.edu.br\/ppgcienciapolitica\/wp-json\/wp\/v2\/comments?post=1966"}],"version-history":[{"count":2,"href":"https:\/\/wp.ufpel.edu.br\/ppgcienciapolitica\/wp-json\/wp\/v2\/posts\/1966\/revisions"}],"predecessor-version":[{"id":1996,"href":"https:\/\/wp.ufpel.edu.br\/ppgcienciapolitica\/wp-json\/wp\/v2\/posts\/1966\/revisions\/1996"}],"wp:attachment":[{"href":"https:\/\/wp.ufpel.edu.br\/ppgcienciapolitica\/wp-json\/wp\/v2\/media?parent=1966"}],"wp:term":[{"taxonomy":"category","embeddable":true,"href":"https:\/\/wp.ufpel.edu.br\/ppgcienciapolitica\/wp-json\/wp\/v2\/categories?post=1966"},{"taxonomy":"post_tag","embeddable":true,"href":"https:\/\/wp.ufpel.edu.br\/ppgcienciapolitica\/wp-json\/wp\/v2\/tags?post=1966"}],"curies":[{"name":"wp","href":"https:\/\/api.w.org\/{rel}","templated":true}]}}