{"id":1885,"date":"2018-08-09T10:05:39","date_gmt":"2018-08-09T13:05:39","guid":{"rendered":"https:\/\/wp.ufpel.edu.br\/ppgcienciapolitica\/?p=1885"},"modified":"2019-04-04T17:50:32","modified_gmt":"2019-04-04T20:50:32","slug":"minicurso","status":"publish","type":"post","link":"https:\/\/wp.ufpel.edu.br\/ppgcienciapolitica\/minicurso\/","title":{"rendered":"Minicurso"},"content":{"rendered":"<p>O PPGCPol tem o prazer em comunicar que os professores Carmen Marim\u00f3n Llorca\u00a0e \u00a0Juan Antonio Roche C\u00e1rcel, da Universidad de Alicante &#8211; Espanha, ministrar\u00e3o o minicurso &#8220;<strong>Discutindo a modernidade hoje: discursos, desigualdades e emo\u00e7\u00f5es&#8221;.<\/strong><\/p>\n<p>A atividade ocorrer\u00e1 nos dias 28 e 29 de agosto, com in\u00edcio \u00e0s 18h.<\/p>\n<p>Local: Mini-audit\u00f3rio 01 do CEHUS<\/p>\n","protected":false},"excerpt":{"rendered":"<p>O PPGCPol tem o prazer em comunicar que os professores Carmen Marim\u00f3n Llorca\u00a0e \u00a0Juan Antonio Roche C\u00e1rcel, da Universidad de Alicante &#8211; Espanha, ministrar\u00e3o o minicurso &#8220;Discutindo a modernidade hoje: discursos, desigualdades e emo\u00e7\u00f5es&#8221;. A atividade ocorrer\u00e1 nos dias 28 e 29 de agosto, com in\u00edcio \u00e0s 18h. Local: Mini-audit\u00f3rio 01 do CEHUS<\/p>\n","protected":false},"author":555,"featured_media":0,"comment_status":"closed","ping_status":"closed","sticky":false,"template":"","format":"standard","meta":{"_jetpack_memberships_contains_paid_content":false,"footnotes":""},"categories":[25],"tags":[],"class_list":["post-1885","post","type-post","status-publish","format-standard","hentry","category-noticias-pt"],"jetpack_featured_media_url":"","jetpack_sharing_enabled":true,"_links":{"self":[{"href":"https:\/\/wp.ufpel.edu.br\/ppgcienciapolitica\/wp-json\/wp\/v2\/posts\/1885","targetHints":{"allow":["GET"]}}],"collection":[{"href":"https:\/\/wp.ufpel.edu.br\/ppgcienciapolitica\/wp-json\/wp\/v2\/posts"}],"about":[{"href":"https:\/\/wp.ufpel.edu.br\/ppgcienciapolitica\/wp-json\/wp\/v2\/types\/post"}],"author":[{"embeddable":true,"href":"https:\/\/wp.ufpel.edu.br\/ppgcienciapolitica\/wp-json\/wp\/v2\/users\/555"}],"replies":[{"embeddable":true,"href":"https:\/\/wp.ufpel.edu.br\/ppgcienciapolitica\/wp-json\/wp\/v2\/comments?post=1885"}],"version-history":[{"count":3,"href":"https:\/\/wp.ufpel.edu.br\/ppgcienciapolitica\/wp-json\/wp\/v2\/posts\/1885\/revisions"}],"predecessor-version":[{"id":1899,"href":"https:\/\/wp.ufpel.edu.br\/ppgcienciapolitica\/wp-json\/wp\/v2\/posts\/1885\/revisions\/1899"}],"wp:attachment":[{"href":"https:\/\/wp.ufpel.edu.br\/ppgcienciapolitica\/wp-json\/wp\/v2\/media?parent=1885"}],"wp:term":[{"taxonomy":"category","embeddable":true,"href":"https:\/\/wp.ufpel.edu.br\/ppgcienciapolitica\/wp-json\/wp\/v2\/categories?post=1885"},{"taxonomy":"post_tag","embeddable":true,"href":"https:\/\/wp.ufpel.edu.br\/ppgcienciapolitica\/wp-json\/wp\/v2\/tags?post=1885"}],"curies":[{"name":"wp","href":"https:\/\/api.w.org\/{rel}","templated":true}]}}