{"id":1882,"date":"2018-08-06T21:34:08","date_gmt":"2018-08-07T00:34:08","guid":{"rendered":"https:\/\/wp.ufpel.edu.br\/ppgcienciapolitica\/?p=1882"},"modified":"2019-04-04T17:54:07","modified_gmt":"2019-04-04T20:54:07","slug":"noticias-do-11-encontro-abcp","status":"publish","type":"post","link":"https:\/\/wp.ufpel.edu.br\/ppgcienciapolitica\/noticias-do-11-encontro-abcp\/","title":{"rendered":"Not\u00edcias do 11. Encontro ABCP"},"content":{"rendered":"<p>Durante o 11. Encontro da ABCP foi anunciada a nova diretoria da Associa\u00e7\u00e3o. O PPGCPol tem o prazer de informar que a profa. Luciana Ballestrin, docente do PPGCPol, integra a diretoria.<\/p>\n<p>No mesmo evento foi divulgado o resultado do Pr\u00eamio Vitor Nunes Leal &#8211; Livro. O PPGCPol tem a satisfa\u00e7\u00e3o de comunicar que o livro &#8220;1961-1964: A Ditadura Brasileira em Dois Golpes&#8221; (Ed. Appris, 2017), do prof. Daniel de Mendon\u00e7a, docente do PPGCPol, foi agraciado com o segundo lugar na premia\u00e7\u00e3o.<\/p>\n<p>&nbsp;<\/p>\n","protected":false},"excerpt":{"rendered":"<p>Durante o 11. Encontro da ABCP foi anunciada a nova diretoria da Associa\u00e7\u00e3o. O PPGCPol tem o prazer de informar que a profa. Luciana Ballestrin, docente do PPGCPol, integra a diretoria. No mesmo evento foi divulgado o resultado do Pr\u00eamio Vitor Nunes Leal &#8211; Livro. O PPGCPol tem a satisfa\u00e7\u00e3o de comunicar que o livro [&hellip;]<\/p>\n","protected":false},"author":555,"featured_media":0,"comment_status":"closed","ping_status":"closed","sticky":false,"template":"","format":"standard","meta":{"_jetpack_memberships_contains_paid_content":false,"footnotes":""},"categories":[25],"tags":[],"class_list":["post-1882","post","type-post","status-publish","format-standard","hentry","category-noticias-pt"],"jetpack_featured_media_url":"","jetpack_sharing_enabled":true,"_links":{"self":[{"href":"https:\/\/wp.ufpel.edu.br\/ppgcienciapolitica\/wp-json\/wp\/v2\/posts\/1882","targetHints":{"allow":["GET"]}}],"collection":[{"href":"https:\/\/wp.ufpel.edu.br\/ppgcienciapolitica\/wp-json\/wp\/v2\/posts"}],"about":[{"href":"https:\/\/wp.ufpel.edu.br\/ppgcienciapolitica\/wp-json\/wp\/v2\/types\/post"}],"author":[{"embeddable":true,"href":"https:\/\/wp.ufpel.edu.br\/ppgcienciapolitica\/wp-json\/wp\/v2\/users\/555"}],"replies":[{"embeddable":true,"href":"https:\/\/wp.ufpel.edu.br\/ppgcienciapolitica\/wp-json\/wp\/v2\/comments?post=1882"}],"version-history":[{"count":2,"href":"https:\/\/wp.ufpel.edu.br\/ppgcienciapolitica\/wp-json\/wp\/v2\/posts\/1882\/revisions"}],"predecessor-version":[{"id":1884,"href":"https:\/\/wp.ufpel.edu.br\/ppgcienciapolitica\/wp-json\/wp\/v2\/posts\/1882\/revisions\/1884"}],"wp:attachment":[{"href":"https:\/\/wp.ufpel.edu.br\/ppgcienciapolitica\/wp-json\/wp\/v2\/media?parent=1882"}],"wp:term":[{"taxonomy":"category","embeddable":true,"href":"https:\/\/wp.ufpel.edu.br\/ppgcienciapolitica\/wp-json\/wp\/v2\/categories?post=1882"},{"taxonomy":"post_tag","embeddable":true,"href":"https:\/\/wp.ufpel.edu.br\/ppgcienciapolitica\/wp-json\/wp\/v2\/tags?post=1882"}],"curies":[{"name":"wp","href":"https:\/\/api.w.org\/{rel}","templated":true}]}}