{"id":1848,"date":"2018-06-19T21:27:54","date_gmt":"2018-06-20T00:27:54","guid":{"rendered":"https:\/\/wp.ufpel.edu.br\/ppgcienciapolitica\/?p=1848"},"modified":"2019-04-04T18:13:43","modified_gmt":"2019-04-04T21:13:43","slug":"informacoes-sobre-qualificacoes-turma-doutorado-2016","status":"publish","type":"post","link":"https:\/\/wp.ufpel.edu.br\/ppgcienciapolitica\/informacoes-sobre-qualificacoes-turma-doutorado-2016\/","title":{"rendered":"Informa\u00e7\u00f5es sobre Qualifica\u00e7\u00f5es \u2013 Turma Doutorado 2016"},"content":{"rendered":"<p>De acordo com a Resolu\u00e7\u00e3o n. 15, de 14 de junho de 2018, do COCEPE, fica alterado o prazo final para as qualifica\u00e7\u00f5es de tese da turma de Doutorado 2016.<\/p>\n<p>As\u00a0<span class=\"il\">qualifica\u00e7\u00f5es<\/span>\u00a0de doutorado dever\u00e3o ocorrer at\u00e9 o dia 01 de agosto de 2018, sendo este o \u00faltimo dia para as defesas.<\/p>\n","protected":false},"excerpt":{"rendered":"<p>De acordo com a Resolu\u00e7\u00e3o n. 15, de 14 de junho de 2018, do COCEPE, fica alterado o prazo final para as qualifica\u00e7\u00f5es de tese da turma de Doutorado 2016. As\u00a0qualifica\u00e7\u00f5es\u00a0de doutorado dever\u00e3o ocorrer at\u00e9 o dia 01 de agosto de 2018, sendo este o \u00faltimo dia para as defesas.<\/p>\n","protected":false},"author":555,"featured_media":0,"comment_status":"closed","ping_status":"closed","sticky":false,"template":"","format":"standard","meta":{"_jetpack_memberships_contains_paid_content":false,"footnotes":""},"categories":[25],"tags":[],"class_list":["post-1848","post","type-post","status-publish","format-standard","hentry","category-noticias-pt"],"jetpack_featured_media_url":"","jetpack_sharing_enabled":true,"_links":{"self":[{"href":"https:\/\/wp.ufpel.edu.br\/ppgcienciapolitica\/wp-json\/wp\/v2\/posts\/1848","targetHints":{"allow":["GET"]}}],"collection":[{"href":"https:\/\/wp.ufpel.edu.br\/ppgcienciapolitica\/wp-json\/wp\/v2\/posts"}],"about":[{"href":"https:\/\/wp.ufpel.edu.br\/ppgcienciapolitica\/wp-json\/wp\/v2\/types\/post"}],"author":[{"embeddable":true,"href":"https:\/\/wp.ufpel.edu.br\/ppgcienciapolitica\/wp-json\/wp\/v2\/users\/555"}],"replies":[{"embeddable":true,"href":"https:\/\/wp.ufpel.edu.br\/ppgcienciapolitica\/wp-json\/wp\/v2\/comments?post=1848"}],"version-history":[{"count":1,"href":"https:\/\/wp.ufpel.edu.br\/ppgcienciapolitica\/wp-json\/wp\/v2\/posts\/1848\/revisions"}],"predecessor-version":[{"id":1849,"href":"https:\/\/wp.ufpel.edu.br\/ppgcienciapolitica\/wp-json\/wp\/v2\/posts\/1848\/revisions\/1849"}],"wp:attachment":[{"href":"https:\/\/wp.ufpel.edu.br\/ppgcienciapolitica\/wp-json\/wp\/v2\/media?parent=1848"}],"wp:term":[{"taxonomy":"category","embeddable":true,"href":"https:\/\/wp.ufpel.edu.br\/ppgcienciapolitica\/wp-json\/wp\/v2\/categories?post=1848"},{"taxonomy":"post_tag","embeddable":true,"href":"https:\/\/wp.ufpel.edu.br\/ppgcienciapolitica\/wp-json\/wp\/v2\/tags?post=1848"}],"curies":[{"name":"wp","href":"https:\/\/api.w.org\/{rel}","templated":true}]}}