{"id":1830,"date":"2018-05-30T13:46:38","date_gmt":"2018-05-30T16:46:38","guid":{"rendered":"https:\/\/wp.ufpel.edu.br\/ppgcienciapolitica\/?p=1830"},"modified":"2019-04-04T18:22:05","modified_gmt":"2019-04-04T21:22:05","slug":"inauguracao-cehus","status":"publish","type":"post","link":"https:\/\/wp.ufpel.edu.br\/ppgcienciapolitica\/inauguracao-cehus\/","title":{"rendered":"Inaugura\u00e7\u00e3o CEHUS"},"content":{"rendered":"<p><strong>Convite<\/strong><\/p>\n<p>Convidamos para a cerim\u00f4nia de inaugura\u00e7\u00e3o do pr\u00e9dio do Centro de P\u00f3s-Gradua\u00e7\u00e3o e Pesquisas em Ci\u00eancias Humanas, Sociais e Sociais Aplicadas (CEHUS) (Rua Alberto Rosa), que congrega 13 Programas de P\u00f3s-Gradua\u00e7\u00e3o nas \u00e1reas de Ci\u00eancias Humanas, Sociais, Sociais Aplicadas, Artes e Linguagem, da Universidade Federal de Pelotas.<\/p>\n<p>A inaugura\u00e7\u00e3o ocorrer\u00e1 no dia 04 de junho pr\u00f3ximo.<\/p>\n<p>Abaixo seguem as atividades do dia da inaugura\u00e7\u00e3o:<\/p>\n<p><!--more-->10:15h &#8211; Acolhida\/recep\u00e7\u00e3o Cultural no hall do Pr\u00e9dio.<br \/>\n10:30h \u2013 Professor Boaventura de Sousa Santos<br \/>\n&#8211;\u00a0Entrevista para m\u00eddia\u00a0(uma sala da Biblioteca)<br \/>\n&#8211; Visita \u00e0 Biblioteca &#8211; assinatura\/dedicat\u00f3ria livros do acervo<br \/>\n11h\/11:15h &#8211; Audit\u00f3rio<br \/>\n&#8211; PRPPGI (sauda\u00e7\u00e3o)<br \/>\n&#8211; Representante CEHUS (hist\u00f3rico da cria\u00e7\u00e3o do Centro)<br \/>\n&#8211; Fala do professor Boaventura de Sousa Santos<br \/>\nEncerramento<\/p>\n<p>Demais atividades\/paralelas:<\/p>\n<p>&#8211; Hall e outros espa\u00e7os &#8211; interven\u00e7\u00f5es\/mostras de Artes.<br \/>\n&#8211; Powerpoint sobre\u00a0CEHUS e PPGs &#8211; corredor e Audit\u00f3rio<\/p>\n<p>Contamos com a presen\u00e7a de todos\/as.<\/p>\n<p>PPG Antropologia\u00a0e Arqueologia<br \/>\nPPG Arquitetura e Urbanismo<br \/>\nPPG Artes Visuais<br \/>\nPPG Ci\u00eancia Pol\u00edtica<br \/>\nPPG Educa\u00e7\u00e3o<br \/>\nPPG Educa\u00e7\u00e3o Matem\u00e1tica<br \/>\nPPG Ensino de Ci\u00eancias e Matem\u00e1tica<br \/>\nPPG Filosofia<br \/>\nPPG Geografia<br \/>\nPPG Hist\u00f3ria<br \/>\nPPG Letras<br \/>\nPPG Mem\u00f3ria e Patrim\u00f4nio Cultural<br \/>\nPPG Sociologia<br \/>\nBiblioteca Setorial de Ci\u00eancias Humanas e Sociais<\/p>\n<p>&nbsp;<\/p>\n","protected":false},"excerpt":{"rendered":"<p>Convite Convidamos para a cerim\u00f4nia de inaugura\u00e7\u00e3o do pr\u00e9dio do Centro de P\u00f3s-Gradua\u00e7\u00e3o e Pesquisas em Ci\u00eancias Humanas, Sociais e Sociais Aplicadas (CEHUS) (Rua Alberto Rosa), que congrega 13 Programas de P\u00f3s-Gradua\u00e7\u00e3o nas \u00e1reas de Ci\u00eancias Humanas, Sociais, Sociais Aplicadas, Artes e Linguagem, da Universidade Federal de Pelotas. A inaugura\u00e7\u00e3o ocorrer\u00e1 no dia 04 de [&hellip;]<\/p>\n","protected":false},"author":555,"featured_media":0,"comment_status":"closed","ping_status":"closed","sticky":false,"template":"","format":"standard","meta":{"_jetpack_memberships_contains_paid_content":false,"footnotes":""},"categories":[25],"tags":[],"class_list":["post-1830","post","type-post","status-publish","format-standard","hentry","category-noticias-pt"],"jetpack_featured_media_url":"","jetpack_sharing_enabled":true,"_links":{"self":[{"href":"https:\/\/wp.ufpel.edu.br\/ppgcienciapolitica\/wp-json\/wp\/v2\/posts\/1830","targetHints":{"allow":["GET"]}}],"collection":[{"href":"https:\/\/wp.ufpel.edu.br\/ppgcienciapolitica\/wp-json\/wp\/v2\/posts"}],"about":[{"href":"https:\/\/wp.ufpel.edu.br\/ppgcienciapolitica\/wp-json\/wp\/v2\/types\/post"}],"author":[{"embeddable":true,"href":"https:\/\/wp.ufpel.edu.br\/ppgcienciapolitica\/wp-json\/wp\/v2\/users\/555"}],"replies":[{"embeddable":true,"href":"https:\/\/wp.ufpel.edu.br\/ppgcienciapolitica\/wp-json\/wp\/v2\/comments?post=1830"}],"version-history":[{"count":1,"href":"https:\/\/wp.ufpel.edu.br\/ppgcienciapolitica\/wp-json\/wp\/v2\/posts\/1830\/revisions"}],"predecessor-version":[{"id":1831,"href":"https:\/\/wp.ufpel.edu.br\/ppgcienciapolitica\/wp-json\/wp\/v2\/posts\/1830\/revisions\/1831"}],"wp:attachment":[{"href":"https:\/\/wp.ufpel.edu.br\/ppgcienciapolitica\/wp-json\/wp\/v2\/media?parent=1830"}],"wp:term":[{"taxonomy":"category","embeddable":true,"href":"https:\/\/wp.ufpel.edu.br\/ppgcienciapolitica\/wp-json\/wp\/v2\/categories?post=1830"},{"taxonomy":"post_tag","embeddable":true,"href":"https:\/\/wp.ufpel.edu.br\/ppgcienciapolitica\/wp-json\/wp\/v2\/tags?post=1830"}],"curies":[{"name":"wp","href":"https:\/\/api.w.org\/{rel}","templated":true}]}}