{"id":1818,"date":"2018-05-14T16:22:12","date_gmt":"2018-05-14T19:22:12","guid":{"rendered":"https:\/\/wp.ufpel.edu.br\/ppgcienciapolitica\/?p=1818"},"modified":"2019-04-04T18:23:20","modified_gmt":"2019-04-04T21:23:20","slug":"qualificacoes-mestrado-turma-2017","status":"publish","type":"post","link":"https:\/\/wp.ufpel.edu.br\/ppgcienciapolitica\/qualificacoes-mestrado-turma-2017\/","title":{"rendered":"Qualifica\u00e7\u00f5es Mestrado \u2013 Turma 2017"},"content":{"rendered":"<p style=\"text-align: center\">Qualifica\u00e7\u00f5es Mestrado \u2013 Turma 2017<\/p>\n<p><strong><u>Dia 21\/05<\/u><\/strong><\/p>\n<p><strong>14.00H<\/strong> &#8211; LUIS FELIPE RIBEIRO (Sala 205-IFISP)<\/p>\n<p>T\u00edtulo: Pol\u00edtica P\u00fablica \u201cPrimeira Inf\u00e2ncia Melhor\u201d: uma an\u00e1lise comparada dos casos de Santa Vit\u00f3ria do Palmar e Chu\u00ed<\/p>\n<p>Orientador\/a: Patr\u00edcia Cunha<\/p>\n<p>Banca: Bianca Linhares (PPGCPol \u2013UFPel) e S\u00e9rgio Barcellos (PPGS \u2013 UFPel)<\/p>\n<p>&nbsp;<\/p>\n<p><strong>\u00a0<\/strong><!--more--><\/p>\n<p><strong>16.15H<\/strong> &#8211; F\u00c1BIO HOFFMANN MACIEL SILVA (Sala 201-IFISP)<\/p>\n<p>T\u00edtulo:\u00a0Decl\u00ednio da Confian\u00e7a nas Institui\u00e7\u00f5es Pol\u00edticas: o desafio da democracia brasileira (1995-2017)<\/p>\n<p>Orientador\/a: Bianca Linhares<\/p>\n<p>Banca: Pedro Robertt (PPGCPol \u2013UFPel) e Bruno Souza (PPGCP- UFPI)<\/p>\n<p>&nbsp;<\/p>\n<p><strong><u>Dia 22\/05<\/u><\/strong><\/p>\n<p><strong>14.00H<\/strong> &#8211; DANIELA ANDRADE TORRES DE BEM HISSAYASU (Sala 205-IFISP)<\/p>\n<p>T\u00edtulo: Quem concorre ao legislativo municipal? Um retrato dos candidatos a vereador nas elei\u00e7\u00f5es de 2016 em Rio Grande-RS<\/p>\n<p>Orientador\/a: Alvaro Barreto<\/p>\n<p>Banca: Rosangela Schulz (PPGCPol \u2013UFPel) e Etiene Marroni (PPGCPol \u2013UFPel)<\/p>\n<p><strong>\u00a0<\/strong><\/p>\n<p><strong>16.15H<\/strong> &#8211; HILBERT DAVID DE OLIVEIRA SOUSA (Sala 205-IFISP)<\/p>\n<p>T\u00edtulo:\u00a0A voz do nome e o nome da voz: as denomina\u00e7\u00f5es das coliga\u00e7\u00f5es nas elei\u00e7\u00f5es para prefeito de 2012 e de 2016<\/p>\n<p>Orientador\/a: Alvaro Barreto<\/p>\n<p>Banca: Pedro Robertt (PPGCPol \u2013UFPel) e Bianca Linhares (PPGCPol- UFPel)<\/p>\n<p>&nbsp;<\/p>\n<p><strong><u>Dia 23\/05<\/u><\/strong><\/p>\n<p><strong>14.00H<\/strong> &#8211; TATIANA MORALES SALIM (Sala 205-IFISP)<\/p>\n<p>T\u00edtulo: Disposi\u00e7\u00f5es pol\u00edticas na fronteira sul Brasil-Uruguai: uma an\u00e1lise dos sujeitos binacionais na fronteira de Acegu\u00e1-RS<\/p>\n<p>Orientador\/a: Pedro Robertt<\/p>\n<p>Banca: Alvaro Barreto (PPGCPol \u2013UFPel) e Icaro Engler (PPGCPol \u2013UFPel)<\/p>\n<p>&nbsp;<\/p>\n<p><strong><u>Dia 24\/05<\/u><\/strong><\/p>\n<p><strong>14.00H<\/strong> &#8211; ANDREA QUADROS ROSA (Sala 205-IFISP)<\/p>\n<p>T\u00edtulo: Pol\u00edtica Social e Avalia\u00e7\u00e3o do Programa PRONATEC: uma an\u00e1lise da percep\u00e7\u00e3o dos benefici\u00e1rios da pol\u00edtica p\u00fablica em Bag\u00e9- RS no per\u00edodo de 2012 e 2016<\/p>\n<p>Orientador\/a: Patr\u00edcia Cunha<\/p>\n<p>Banca: Bianca Linhares (PPGCPol \u2013 UFPel) e Vini da Silva (PPGPS -UCPel)<\/p>\n<p><strong>\u00a0<\/strong><\/p>\n<p><strong>16.15H<\/strong> &#8211; MATHEUS ISLAB\u00c3O MARTINS (Sala 205-IFISP)<\/p>\n<p>T\u00edtulo:\u00a0Representa\u00e7\u00e3o pol\u00edtica e a radicaliza\u00e7\u00e3o da democracia: uma an\u00e1lise a partir da teoria de Ernesto Laclau e Chantal Mouffe<\/p>\n<p>Orientador\/a: L\u00e9o Rodrigues<\/p>\n<p>Banca: Bianca Linhares (PPGCPol \u2013UFPel) e Daniel de Mendon\u00e7a (PPGCPol- UFPel)<\/p>\n<p>&nbsp;<\/p>\n<p><strong><u>Dia 25\/05<\/u><\/strong><\/p>\n<p><strong>14.00H<\/strong> &#8211; ANT\u00d4NIO VICENTE PESSOA DE OLIVEIRA (Sala 201-IFISP)<\/p>\n<p>T\u00edtulo: Grupos de m\u00eddia pertencentes a partidos pol\u00edticos: o caso de Malta<\/p>\n<p>Orientador\/a: Alvaro Barreto<\/p>\n<p>Banca: Rosangela Schulz (PPGCPol \u2013UFPel) e Karina Mariano(PPGCS -UNESP)<\/p>\n<p><strong>\u00a0<\/strong><\/p>\n<p><strong>16.15H<\/strong> &#8211; JULIANA MACEDO DE LIMA (Sala 205-IFISP)<\/p>\n<p>T\u00edtulo:\u00a0Falando de Mulher para Mulher: o discurso de Dilma Roussef na Propaganda Eleitoral Gratuita para a Disputa ao Cargo de Presidente da Rep\u00fablica \u2013 Elei\u00e7\u00f5es 2010 e 2014<\/p>\n<p>Orientador\/a: Rosangela Schulz<\/p>\n<p>Banca: Alvaro Barreto (PPGCPol \u2013 UFPel) e Etiene Marroni (PPGCPol \u2013 UFPel)<\/p>\n<p>&nbsp;<\/p>\n<p><strong><u>Dia 04\/06<\/u><\/strong><\/p>\n<p><strong>14.00H<\/strong> &#8211; JORDANA FOIATTO (Sala 205-IFISP)<\/p>\n<p>T\u00edtulo: As mulheres militares da MINUSTAH (2004-2017): uma an\u00e1lise sobre a inser\u00e7\u00e3o da perspectiva de g\u00eanero no treinamento e a\u00e7\u00e3o das tropas brasileiras no Haiti<\/p>\n<p>Orientador\/a: Luciana Ballestrin<\/p>\n<p>Banca: Rosangela Schulz (PPGCPol \u2013UFPel) e Etiene Marroni (PPGCPol -UFPel)<\/p>\n<p><strong>\u00a0<\/strong><\/p>\n<p><strong>16.15H<\/strong> &#8211; PAULO ROBERTO DOS SANTOS MENDON\u00c7A (Sala 205-IFISP)<\/p>\n<p>T\u00edtulo:\u00a0Da queda de Alfredo Stroessner ao governo de Federico Franco (1989-2013): transi\u00e7\u00e3o, consolida\u00e7\u00e3o e din\u00e2micas de (des)mocratiza\u00e7\u00e3o na hist\u00f3ria recente do Paraguai<\/p>\n<p>Orientador\/a: Luciana Ballestrin<\/p>\n<p>Banca: Alvaro Barreto (PPGCPol \u2013 UFPel) e Carlos Gallo (PPGCPol \u2013 UFPel)<\/p>\n<p>&nbsp;<\/p>\n","protected":false},"excerpt":{"rendered":"<p>Qualifica\u00e7\u00f5es Mestrado \u2013 Turma 2017 Dia 21\/05 14.00H &#8211; LUIS FELIPE RIBEIRO (Sala 205-IFISP) T\u00edtulo: Pol\u00edtica P\u00fablica \u201cPrimeira Inf\u00e2ncia Melhor\u201d: uma an\u00e1lise comparada dos casos de Santa Vit\u00f3ria do Palmar e Chu\u00ed Orientador\/a: Patr\u00edcia Cunha Banca: Bianca Linhares (PPGCPol \u2013UFPel) e S\u00e9rgio Barcellos (PPGS \u2013 UFPel) &nbsp; \u00a0<\/p>\n","protected":false},"author":555,"featured_media":0,"comment_status":"closed","ping_status":"closed","sticky":false,"template":"","format":"standard","meta":{"_jetpack_memberships_contains_paid_content":false,"footnotes":""},"categories":[25],"tags":[],"class_list":["post-1818","post","type-post","status-publish","format-standard","hentry","category-noticias-pt"],"jetpack_featured_media_url":"","jetpack_sharing_enabled":true,"_links":{"self":[{"href":"https:\/\/wp.ufpel.edu.br\/ppgcienciapolitica\/wp-json\/wp\/v2\/posts\/1818","targetHints":{"allow":["GET"]}}],"collection":[{"href":"https:\/\/wp.ufpel.edu.br\/ppgcienciapolitica\/wp-json\/wp\/v2\/posts"}],"about":[{"href":"https:\/\/wp.ufpel.edu.br\/ppgcienciapolitica\/wp-json\/wp\/v2\/types\/post"}],"author":[{"embeddable":true,"href":"https:\/\/wp.ufpel.edu.br\/ppgcienciapolitica\/wp-json\/wp\/v2\/users\/555"}],"replies":[{"embeddable":true,"href":"https:\/\/wp.ufpel.edu.br\/ppgcienciapolitica\/wp-json\/wp\/v2\/comments?post=1818"}],"version-history":[{"count":6,"href":"https:\/\/wp.ufpel.edu.br\/ppgcienciapolitica\/wp-json\/wp\/v2\/posts\/1818\/revisions"}],"predecessor-version":[{"id":1826,"href":"https:\/\/wp.ufpel.edu.br\/ppgcienciapolitica\/wp-json\/wp\/v2\/posts\/1818\/revisions\/1826"}],"wp:attachment":[{"href":"https:\/\/wp.ufpel.edu.br\/ppgcienciapolitica\/wp-json\/wp\/v2\/media?parent=1818"}],"wp:term":[{"taxonomy":"category","embeddable":true,"href":"https:\/\/wp.ufpel.edu.br\/ppgcienciapolitica\/wp-json\/wp\/v2\/categories?post=1818"},{"taxonomy":"post_tag","embeddable":true,"href":"https:\/\/wp.ufpel.edu.br\/ppgcienciapolitica\/wp-json\/wp\/v2\/tags?post=1818"}],"curies":[{"name":"wp","href":"https:\/\/api.w.org\/{rel}","templated":true}]}}