{"id":1800,"date":"2018-04-22T20:19:59","date_gmt":"2018-04-22T23:19:59","guid":{"rendered":"https:\/\/wp.ufpel.edu.br\/ppgcienciapolitica\/?p=1800"},"modified":"2019-04-04T18:29:14","modified_gmt":"2019-04-04T21:29:14","slug":"processo-seletivo-para-professor-visitante","status":"publish","type":"post","link":"https:\/\/wp.ufpel.edu.br\/ppgcienciapolitica\/processo-seletivo-para-professor-visitante\/","title":{"rendered":"Processo seletivo para professor visitante"},"content":{"rendered":"<p>A PRPPGI lan\u00e7ou edital para sele\u00e7\u00e3o de professores visitantes para os programas de p\u00f3s-gradua\u00e7\u00e3o da UFPel, sendo prevista uma vaga para o\u00a0\u00a0PPGCPol.<\/p>\n<p>S\u00e3o aceitas candidaturas de\u00a0portadores de t\u00edtulo de Doutor, com o m\u00ednimo de 10 anos de comprovada experi\u00eancia acad\u00eamica (Professor visitante 1), com at\u00e9 05 anos de comprovada experi\u00eancia acad\u00eamica (Professor visitante 2) e de Professores estrangeiros.<\/p>\n<p>As inscri\u00e7\u00f5es v\u00e3o de 17 de abril a 31 de maio de 2018.<\/p>\n<p>O edital e o formul\u00e1rio de inscri\u00e7\u00e3o podem ser acessados em:\u00a0<a href=\"https:\/\/wp.ufpel.edu.br\/prppgi\/2018\/04\/17\/lancado-edital-para-selecao-de-professores-visitantes-na-pos-graduacao\/\">https:\/\/wp.ufpel.edu.br\/prppgi\/2018\/04\/17\/lancado-edital-para-selecao-de-professores-visitantes-na-pos-graduacao\/<\/a><\/p>\n<p>&nbsp;<\/p>\n","protected":false},"excerpt":{"rendered":"<p>A PRPPGI lan\u00e7ou edital para sele\u00e7\u00e3o de professores visitantes para os programas de p\u00f3s-gradua\u00e7\u00e3o da UFPel, sendo prevista uma vaga para o\u00a0\u00a0PPGCPol. S\u00e3o aceitas candidaturas de\u00a0portadores de t\u00edtulo de Doutor, com o m\u00ednimo de 10 anos de comprovada experi\u00eancia acad\u00eamica (Professor visitante 1), com at\u00e9 05 anos de comprovada experi\u00eancia acad\u00eamica (Professor visitante 2) e [&hellip;]<\/p>\n","protected":false},"author":555,"featured_media":0,"comment_status":"closed","ping_status":"closed","sticky":false,"template":"","format":"standard","meta":{"_jetpack_memberships_contains_paid_content":false,"footnotes":""},"categories":[25],"tags":[],"class_list":["post-1800","post","type-post","status-publish","format-standard","hentry","category-noticias-pt"],"jetpack_featured_media_url":"","jetpack_sharing_enabled":true,"_links":{"self":[{"href":"https:\/\/wp.ufpel.edu.br\/ppgcienciapolitica\/wp-json\/wp\/v2\/posts\/1800","targetHints":{"allow":["GET"]}}],"collection":[{"href":"https:\/\/wp.ufpel.edu.br\/ppgcienciapolitica\/wp-json\/wp\/v2\/posts"}],"about":[{"href":"https:\/\/wp.ufpel.edu.br\/ppgcienciapolitica\/wp-json\/wp\/v2\/types\/post"}],"author":[{"embeddable":true,"href":"https:\/\/wp.ufpel.edu.br\/ppgcienciapolitica\/wp-json\/wp\/v2\/users\/555"}],"replies":[{"embeddable":true,"href":"https:\/\/wp.ufpel.edu.br\/ppgcienciapolitica\/wp-json\/wp\/v2\/comments?post=1800"}],"version-history":[{"count":1,"href":"https:\/\/wp.ufpel.edu.br\/ppgcienciapolitica\/wp-json\/wp\/v2\/posts\/1800\/revisions"}],"predecessor-version":[{"id":1801,"href":"https:\/\/wp.ufpel.edu.br\/ppgcienciapolitica\/wp-json\/wp\/v2\/posts\/1800\/revisions\/1801"}],"wp:attachment":[{"href":"https:\/\/wp.ufpel.edu.br\/ppgcienciapolitica\/wp-json\/wp\/v2\/media?parent=1800"}],"wp:term":[{"taxonomy":"category","embeddable":true,"href":"https:\/\/wp.ufpel.edu.br\/ppgcienciapolitica\/wp-json\/wp\/v2\/categories?post=1800"},{"taxonomy":"post_tag","embeddable":true,"href":"https:\/\/wp.ufpel.edu.br\/ppgcienciapolitica\/wp-json\/wp\/v2\/tags?post=1800"}],"curies":[{"name":"wp","href":"https:\/\/api.w.org\/{rel}","templated":true}]}}