{"id":1754,"date":"2018-03-23T23:45:22","date_gmt":"2018-03-24T02:45:22","guid":{"rendered":"https:\/\/wp.ufpel.edu.br\/ppgcienciapolitica\/?p=1754"},"modified":"2019-04-04T18:31:45","modified_gmt":"2019-04-04T21:31:45","slug":"aprovados-na-selecao-aluno-especial-ppgcpol-2018-1","status":"publish","type":"post","link":"https:\/\/wp.ufpel.edu.br\/ppgcienciapolitica\/aprovados-na-selecao-aluno-especial-ppgcpol-2018-1\/","title":{"rendered":"Aprovados na sele\u00e7\u00e3o Aluno Especial PPGCPol 2018\/1"},"content":{"rendered":"<article>As <strong>matr\u00edculas<\/strong> dos selecionados para Aluno Especial do PPGCPol 2018\/1 ser\u00e3o realizadas em <strong>27 de mar\u00e7o de 2018, das 14h \u00e0s 17h<\/strong>, na secretaria do programa.<\/p>\n<p>As listas dos aprovados podem ser acessadas em:\u00a0<a href=\"https:\/\/wp.ufpel.edu.br\/ppgcienciapolitica\/files\/2018\/03\/Aprovados-na-sele\u00e7\u00e3o-Aluno-Especial-PPGCPol-2018-1.pdf\">Aprovados na sele\u00e7\u00e3o Aluno Especial PPGCPol 2018 1<\/a><\/p>\n<\/article>\n","protected":false},"excerpt":{"rendered":"<p>As matr\u00edculas dos selecionados para Aluno Especial do PPGCPol 2018\/1 ser\u00e3o realizadas em 27 de mar\u00e7o de 2018, das 14h \u00e0s 17h, na secretaria do programa. As listas dos aprovados podem ser acessadas em:\u00a0Aprovados na sele\u00e7\u00e3o Aluno Especial PPGCPol 2018 1<\/p>\n","protected":false},"author":555,"featured_media":0,"comment_status":"closed","ping_status":"closed","sticky":false,"template":"","format":"standard","meta":{"_jetpack_memberships_contains_paid_content":false,"footnotes":""},"categories":[25],"tags":[],"class_list":["post-1754","post","type-post","status-publish","format-standard","hentry","category-noticias-pt"],"jetpack_featured_media_url":"","jetpack_sharing_enabled":true,"_links":{"self":[{"href":"https:\/\/wp.ufpel.edu.br\/ppgcienciapolitica\/wp-json\/wp\/v2\/posts\/1754","targetHints":{"allow":["GET"]}}],"collection":[{"href":"https:\/\/wp.ufpel.edu.br\/ppgcienciapolitica\/wp-json\/wp\/v2\/posts"}],"about":[{"href":"https:\/\/wp.ufpel.edu.br\/ppgcienciapolitica\/wp-json\/wp\/v2\/types\/post"}],"author":[{"embeddable":true,"href":"https:\/\/wp.ufpel.edu.br\/ppgcienciapolitica\/wp-json\/wp\/v2\/users\/555"}],"replies":[{"embeddable":true,"href":"https:\/\/wp.ufpel.edu.br\/ppgcienciapolitica\/wp-json\/wp\/v2\/comments?post=1754"}],"version-history":[{"count":1,"href":"https:\/\/wp.ufpel.edu.br\/ppgcienciapolitica\/wp-json\/wp\/v2\/posts\/1754\/revisions"}],"predecessor-version":[{"id":1756,"href":"https:\/\/wp.ufpel.edu.br\/ppgcienciapolitica\/wp-json\/wp\/v2\/posts\/1754\/revisions\/1756"}],"wp:attachment":[{"href":"https:\/\/wp.ufpel.edu.br\/ppgcienciapolitica\/wp-json\/wp\/v2\/media?parent=1754"}],"wp:term":[{"taxonomy":"category","embeddable":true,"href":"https:\/\/wp.ufpel.edu.br\/ppgcienciapolitica\/wp-json\/wp\/v2\/categories?post=1754"},{"taxonomy":"post_tag","embeddable":true,"href":"https:\/\/wp.ufpel.edu.br\/ppgcienciapolitica\/wp-json\/wp\/v2\/tags?post=1754"}],"curies":[{"name":"wp","href":"https:\/\/api.w.org\/{rel}","templated":true}]}}