{"id":1721,"date":"2018-02-21T17:46:12","date_gmt":"2018-02-21T20:46:12","guid":{"rendered":"https:\/\/wp.ufpel.edu.br\/ppgcienciapolitica\/?p=1721"},"modified":"2019-04-04T17:50:32","modified_gmt":"2019-04-04T20:50:32","slug":"matriculas-2018-i","status":"publish","type":"post","link":"https:\/\/wp.ufpel.edu.br\/ppgcienciapolitica\/matriculas-2018-i\/","title":{"rendered":"Matr\u00edculas 2018\/I"},"content":{"rendered":"<p>Informa\u00e7\u00f5es sobre as disciplinas para as matr\u00edculas 2018\/I para alunos regulares do PPGCPol podem ser acessadas\u00a0<a href=\"https:\/\/wp.ufpel.edu.br\/ppgcienciapolitica\/files\/2018\/03\/Hor\u00e1rios-Disciplinas-2018-I.pdf\">aqui<\/a>.<\/p>\n<p>O per\u00edodo de pr\u00e9-matr\u00edcula ocorrer\u00e1 nos dias 08 e 09 de mar\u00e7o de 2018, exclusivamente por e-mail. Os\/as alunos\/as devem encaminhar o formul\u00e1rio de matr\u00edcula (dispon\u00edvel em <a href=\"https:\/\/wp.ufpel.edu.br\/ppgcienciapolitica\/documentos\/formularios\/\">https:\/\/wp.ufpel.edu.br\/ppgcienciapolitica\/documentos\/formularios\/<\/a>) preenchido para o e-mail <a href=\"mailto:ppgcpol@gmail.com\">ppgcpol@gmail.com<\/a> APENAS NESSAS DATAS.<\/p>\n<p>O in\u00edcio das aulas ser\u00e1 em 02 de abril de 2018. Nessa oportunidade, a matr\u00edcula ser\u00e1 efetivada. Para isso, os alunos ingressantes das turmas de 2018 devem comparecer \u00e0 secretaria do PPGCPol antes das 14h.<\/p>\n","protected":false},"excerpt":{"rendered":"<p>Informa\u00e7\u00f5es sobre as disciplinas para as matr\u00edculas 2018\/I para alunos regulares do PPGCPol podem ser acessadas\u00a0aqui. O per\u00edodo de pr\u00e9-matr\u00edcula ocorrer\u00e1 nos dias 08 e 09 de mar\u00e7o de 2018, exclusivamente por e-mail. Os\/as alunos\/as devem encaminhar o formul\u00e1rio de matr\u00edcula (dispon\u00edvel em https:\/\/wp.ufpel.edu.br\/ppgcienciapolitica\/documentos\/formularios\/) preenchido para o e-mail ppgcpol@gmail.com APENAS NESSAS DATAS. O in\u00edcio das [&hellip;]<\/p>\n","protected":false},"author":555,"featured_media":0,"comment_status":"closed","ping_status":"closed","sticky":false,"template":"","format":"standard","meta":{"_jetpack_memberships_contains_paid_content":false,"footnotes":""},"categories":[25],"tags":[],"class_list":["post-1721","post","type-post","status-publish","format-standard","hentry","category-noticias-pt"],"jetpack_featured_media_url":"","jetpack_sharing_enabled":true,"_links":{"self":[{"href":"https:\/\/wp.ufpel.edu.br\/ppgcienciapolitica\/wp-json\/wp\/v2\/posts\/1721","targetHints":{"allow":["GET"]}}],"collection":[{"href":"https:\/\/wp.ufpel.edu.br\/ppgcienciapolitica\/wp-json\/wp\/v2\/posts"}],"about":[{"href":"https:\/\/wp.ufpel.edu.br\/ppgcienciapolitica\/wp-json\/wp\/v2\/types\/post"}],"author":[{"embeddable":true,"href":"https:\/\/wp.ufpel.edu.br\/ppgcienciapolitica\/wp-json\/wp\/v2\/users\/555"}],"replies":[{"embeddable":true,"href":"https:\/\/wp.ufpel.edu.br\/ppgcienciapolitica\/wp-json\/wp\/v2\/comments?post=1721"}],"version-history":[{"count":2,"href":"https:\/\/wp.ufpel.edu.br\/ppgcienciapolitica\/wp-json\/wp\/v2\/posts\/1721\/revisions"}],"predecessor-version":[{"id":1741,"href":"https:\/\/wp.ufpel.edu.br\/ppgcienciapolitica\/wp-json\/wp\/v2\/posts\/1721\/revisions\/1741"}],"wp:attachment":[{"href":"https:\/\/wp.ufpel.edu.br\/ppgcienciapolitica\/wp-json\/wp\/v2\/media?parent=1721"}],"wp:term":[{"taxonomy":"category","embeddable":true,"href":"https:\/\/wp.ufpel.edu.br\/ppgcienciapolitica\/wp-json\/wp\/v2\/categories?post=1721"},{"taxonomy":"post_tag","embeddable":true,"href":"https:\/\/wp.ufpel.edu.br\/ppgcienciapolitica\/wp-json\/wp\/v2\/tags?post=1721"}],"curies":[{"name":"wp","href":"https:\/\/api.w.org\/{rel}","templated":true}]}}