{"id":1449,"date":"2017-09-29T21:28:52","date_gmt":"2017-09-30T00:28:52","guid":{"rendered":"https:\/\/wp.ufpel.edu.br\/ppgcienciapolitica\/?p=1449"},"modified":"2019-04-04T18:34:00","modified_gmt":"2019-04-04T21:34:00","slug":"palestra","status":"publish","type":"post","link":"https:\/\/wp.ufpel.edu.br\/ppgcienciapolitica\/palestra\/","title":{"rendered":"Palestra"},"content":{"rendered":"<p>O professor Joanildo Burity (Funda\u00e7\u00e3o Joaquim Nabuco) proferiu a palestra \u201cA pesquisa emp\u00edrica a partir da teoria do discurso\u201d como atividade p\u00f3s-evento do II Simp\u00f3sio P\u00f3s-Estruturalismo e Teoria Social. A atividade reuniu discentes de Gradua\u00e7\u00e3o em Ci\u00eancias Sociais e de P\u00f3s-Gradua\u00e7\u00e3o em Ci\u00eancia Pol\u00edtica e em Sociologia, e demais interessados na \u00e1rea, na tarde de 28 de setembro nas depend\u00eancias do IFISP.<\/p>\n","protected":false},"excerpt":{"rendered":"<p>O professor Joanildo Burity (Funda\u00e7\u00e3o Joaquim Nabuco) proferiu a palestra \u201cA pesquisa emp\u00edrica a partir da teoria do discurso\u201d como atividade p\u00f3s-evento do II Simp\u00f3sio P\u00f3s-Estruturalismo e Teoria Social. A atividade reuniu discentes de Gradua\u00e7\u00e3o em Ci\u00eancias Sociais e de P\u00f3s-Gradua\u00e7\u00e3o em Ci\u00eancia Pol\u00edtica e em Sociologia, e demais interessados na \u00e1rea, na tarde de [&hellip;]<\/p>\n","protected":false},"author":555,"featured_media":0,"comment_status":"closed","ping_status":"closed","sticky":false,"template":"","format":"standard","meta":{"_jetpack_memberships_contains_paid_content":false,"footnotes":""},"categories":[25],"tags":[],"class_list":["post-1449","post","type-post","status-publish","format-standard","hentry","category-noticias-pt"],"jetpack_featured_media_url":"","jetpack_sharing_enabled":true,"_links":{"self":[{"href":"https:\/\/wp.ufpel.edu.br\/ppgcienciapolitica\/wp-json\/wp\/v2\/posts\/1449","targetHints":{"allow":["GET"]}}],"collection":[{"href":"https:\/\/wp.ufpel.edu.br\/ppgcienciapolitica\/wp-json\/wp\/v2\/posts"}],"about":[{"href":"https:\/\/wp.ufpel.edu.br\/ppgcienciapolitica\/wp-json\/wp\/v2\/types\/post"}],"author":[{"embeddable":true,"href":"https:\/\/wp.ufpel.edu.br\/ppgcienciapolitica\/wp-json\/wp\/v2\/users\/555"}],"replies":[{"embeddable":true,"href":"https:\/\/wp.ufpel.edu.br\/ppgcienciapolitica\/wp-json\/wp\/v2\/comments?post=1449"}],"version-history":[{"count":1,"href":"https:\/\/wp.ufpel.edu.br\/ppgcienciapolitica\/wp-json\/wp\/v2\/posts\/1449\/revisions"}],"predecessor-version":[{"id":1450,"href":"https:\/\/wp.ufpel.edu.br\/ppgcienciapolitica\/wp-json\/wp\/v2\/posts\/1449\/revisions\/1450"}],"wp:attachment":[{"href":"https:\/\/wp.ufpel.edu.br\/ppgcienciapolitica\/wp-json\/wp\/v2\/media?parent=1449"}],"wp:term":[{"taxonomy":"category","embeddable":true,"href":"https:\/\/wp.ufpel.edu.br\/ppgcienciapolitica\/wp-json\/wp\/v2\/categories?post=1449"},{"taxonomy":"post_tag","embeddable":true,"href":"https:\/\/wp.ufpel.edu.br\/ppgcienciapolitica\/wp-json\/wp\/v2\/tags?post=1449"}],"curies":[{"name":"wp","href":"https:\/\/api.w.org\/{rel}","templated":true}]}}