{"id":1410,"date":"2017-08-20T11:04:33","date_gmt":"2017-08-20T14:04:33","guid":{"rendered":"https:\/\/wp.ufpel.edu.br\/ppgcienciapolitica\/?p=1410"},"modified":"2019-04-04T17:51:40","modified_gmt":"2019-04-04T20:51:40","slug":"professor-do-ppgcpol-e-convidado-para-atividades-na-ufpi","status":"publish","type":"post","link":"https:\/\/wp.ufpel.edu.br\/ppgcienciapolitica\/professor-do-ppgcpol-e-convidado-para-atividades-na-ufpi\/","title":{"rendered":"Professor do PPGCPol \u00e9 convidado para atividades na UFPI"},"content":{"rendered":"<p>O PPGCPol tem o prazer de divulgar que professor Carlos Artur Gallo foi convidado pelo Programa de P\u00f3s-Gradua\u00e7\u00e3o em Ci\u00eancia Pol\u00edtica da Universidade Federal do Piau\u00ed para participar dos eventos abaixo listados:<\/p>\n<p><strong>Dia 05\/09 (\u00e0s 16h)<\/strong> &#8211; Palestra <strong>&#8220;Um acerto de contas com o passado: perspectivas sobre mem\u00f3ria, verdade e justi\u00e7a no Brasil e na Argentina&#8221;<\/strong><\/p>\n<p><strong>Dias 05\/9 e 06\/9 (\u00e0s 10h)<\/strong> &#8211; Minicurso <strong>&#8220;Mem\u00f3ria pol\u00edtica e pol\u00edticas de mem\u00f3ria: o que s\u00e3o e como se estuda?&#8221;<\/strong><\/p>\n","protected":false},"excerpt":{"rendered":"<p>O PPGCPol tem o prazer de divulgar que professor Carlos Artur Gallo foi convidado pelo Programa de P\u00f3s-Gradua\u00e7\u00e3o em Ci\u00eancia Pol\u00edtica da Universidade Federal do Piau\u00ed para participar dos eventos abaixo listados: Dia 05\/09 (\u00e0s 16h) &#8211; Palestra &#8220;Um acerto de contas com o passado: perspectivas sobre mem\u00f3ria, verdade e justi\u00e7a no Brasil e na [&hellip;]<\/p>\n","protected":false},"author":555,"featured_media":0,"comment_status":"closed","ping_status":"closed","sticky":false,"template":"","format":"standard","meta":{"_jetpack_memberships_contains_paid_content":false,"footnotes":""},"categories":[25],"tags":[],"class_list":["post-1410","post","type-post","status-publish","format-standard","hentry","category-noticias-pt"],"jetpack_featured_media_url":"","jetpack_sharing_enabled":true,"_links":{"self":[{"href":"https:\/\/wp.ufpel.edu.br\/ppgcienciapolitica\/wp-json\/wp\/v2\/posts\/1410","targetHints":{"allow":["GET"]}}],"collection":[{"href":"https:\/\/wp.ufpel.edu.br\/ppgcienciapolitica\/wp-json\/wp\/v2\/posts"}],"about":[{"href":"https:\/\/wp.ufpel.edu.br\/ppgcienciapolitica\/wp-json\/wp\/v2\/types\/post"}],"author":[{"embeddable":true,"href":"https:\/\/wp.ufpel.edu.br\/ppgcienciapolitica\/wp-json\/wp\/v2\/users\/555"}],"replies":[{"embeddable":true,"href":"https:\/\/wp.ufpel.edu.br\/ppgcienciapolitica\/wp-json\/wp\/v2\/comments?post=1410"}],"version-history":[{"count":1,"href":"https:\/\/wp.ufpel.edu.br\/ppgcienciapolitica\/wp-json\/wp\/v2\/posts\/1410\/revisions"}],"predecessor-version":[{"id":1411,"href":"https:\/\/wp.ufpel.edu.br\/ppgcienciapolitica\/wp-json\/wp\/v2\/posts\/1410\/revisions\/1411"}],"wp:attachment":[{"href":"https:\/\/wp.ufpel.edu.br\/ppgcienciapolitica\/wp-json\/wp\/v2\/media?parent=1410"}],"wp:term":[{"taxonomy":"category","embeddable":true,"href":"https:\/\/wp.ufpel.edu.br\/ppgcienciapolitica\/wp-json\/wp\/v2\/categories?post=1410"},{"taxonomy":"post_tag","embeddable":true,"href":"https:\/\/wp.ufpel.edu.br\/ppgcienciapolitica\/wp-json\/wp\/v2\/tags?post=1410"}],"curies":[{"name":"wp","href":"https:\/\/api.w.org\/{rel}","templated":true}]}}