{"id":1395,"date":"2017-08-08T17:58:13","date_gmt":"2017-08-08T20:58:13","guid":{"rendered":"https:\/\/wp.ufpel.edu.br\/ppgcienciapolitica\/?p=1395"},"modified":"2019-04-04T17:56:46","modified_gmt":"2019-04-04T20:56:46","slug":"edital-selecao-de-aluno-especial-2017ii","status":"publish","type":"post","link":"https:\/\/wp.ufpel.edu.br\/ppgcienciapolitica\/edital-selecao-de-aluno-especial-2017ii\/","title":{"rendered":"Edital \u2013 Sele\u00e7\u00e3o de Aluno Especial 2017\/II"},"content":{"rendered":"<p>Est\u00e1 dispon\u00edvel o edital de sele\u00e7\u00e3o de aluno especial para o per\u00edodo de\u00a02017\/II do PPGCPol.<\/p>\n<p>Acesse\u00a0<a href=\"https:\/\/wp.ufpel.edu.br\/ppgcienciapolitica\/files\/2017\/08\/Edital-de-sele\u00e7\u00e3o-083-PPG-em-Ci\u00eancia-Pol\u00edtica-Aluno-Especial.pdf\">Edital de Aluno Especial 2 semestre de 2017<\/a>\u00a0para mais informa\u00e7\u00f5es.<\/p>\n<p>As inscri\u00e7\u00f5es para a sele\u00e7\u00e3o ser\u00e3o recebidas dias 04 e 05 de setembro das 13h \u00e0s 17h na secretaria do PPGCPol.<\/p>\n","protected":false},"excerpt":{"rendered":"<p>Est\u00e1 dispon\u00edvel o edital de sele\u00e7\u00e3o de aluno especial para o per\u00edodo de\u00a02017\/II do PPGCPol. Acesse\u00a0Edital de Aluno Especial 2 semestre de 2017\u00a0para mais informa\u00e7\u00f5es. As inscri\u00e7\u00f5es para a sele\u00e7\u00e3o ser\u00e3o recebidas dias 04 e 05 de setembro das 13h \u00e0s 17h na secretaria do PPGCPol.<\/p>\n","protected":false},"author":555,"featured_media":0,"comment_status":"closed","ping_status":"closed","sticky":false,"template":"","format":"standard","meta":{"_jetpack_memberships_contains_paid_content":false,"footnotes":""},"categories":[25],"tags":[],"class_list":["post-1395","post","type-post","status-publish","format-standard","hentry","category-noticias-pt"],"jetpack_featured_media_url":"","jetpack_sharing_enabled":true,"_links":{"self":[{"href":"https:\/\/wp.ufpel.edu.br\/ppgcienciapolitica\/wp-json\/wp\/v2\/posts\/1395","targetHints":{"allow":["GET"]}}],"collection":[{"href":"https:\/\/wp.ufpel.edu.br\/ppgcienciapolitica\/wp-json\/wp\/v2\/posts"}],"about":[{"href":"https:\/\/wp.ufpel.edu.br\/ppgcienciapolitica\/wp-json\/wp\/v2\/types\/post"}],"author":[{"embeddable":true,"href":"https:\/\/wp.ufpel.edu.br\/ppgcienciapolitica\/wp-json\/wp\/v2\/users\/555"}],"replies":[{"embeddable":true,"href":"https:\/\/wp.ufpel.edu.br\/ppgcienciapolitica\/wp-json\/wp\/v2\/comments?post=1395"}],"version-history":[{"count":1,"href":"https:\/\/wp.ufpel.edu.br\/ppgcienciapolitica\/wp-json\/wp\/v2\/posts\/1395\/revisions"}],"predecessor-version":[{"id":1397,"href":"https:\/\/wp.ufpel.edu.br\/ppgcienciapolitica\/wp-json\/wp\/v2\/posts\/1395\/revisions\/1397"}],"wp:attachment":[{"href":"https:\/\/wp.ufpel.edu.br\/ppgcienciapolitica\/wp-json\/wp\/v2\/media?parent=1395"}],"wp:term":[{"taxonomy":"category","embeddable":true,"href":"https:\/\/wp.ufpel.edu.br\/ppgcienciapolitica\/wp-json\/wp\/v2\/categories?post=1395"},{"taxonomy":"post_tag","embeddable":true,"href":"https:\/\/wp.ufpel.edu.br\/ppgcienciapolitica\/wp-json\/wp\/v2\/tags?post=1395"}],"curies":[{"name":"wp","href":"https:\/\/api.w.org\/{rel}","templated":true}]}}