{"id":1392,"date":"2017-08-07T16:25:07","date_gmt":"2017-08-07T19:25:07","guid":{"rendered":"https:\/\/wp.ufpel.edu.br\/ppgcienciapolitica\/?p=1392"},"modified":"2019-04-04T17:59:30","modified_gmt":"2019-04-04T20:59:30","slug":"aviso-secretaria-ppgcpol-2","status":"publish","type":"post","link":"https:\/\/wp.ufpel.edu.br\/ppgcienciapolitica\/aviso-secretaria-ppgcpol-2\/","title":{"rendered":"Aviso &#8211; Secretaria PPGCPol"},"content":{"rendered":"<p>Avisamos que as atividades administrativas estar\u00e3o suspensas, em fun\u00e7\u00e3o das comemora\u00e7\u00f5es, nesta ter\u00e7a-feira (08\/08), das 13h \u00e0s 18h, e na sexta-feira (11\/08), das 11h \u00e0s 14h, conforme portaria:\u00a0<a href=\"http:\/\/reitoria.ufpel.edu.br\/portarias\/arquivos\/1628_2017.pdf\">http:\/\/reitoria.ufpel.edu.br\/portarias\/arquivos\/1628_2017.pdf<\/a><\/p>\n","protected":false},"excerpt":{"rendered":"<p>Avisamos que as atividades administrativas estar\u00e3o suspensas, em fun\u00e7\u00e3o das comemora\u00e7\u00f5es, nesta ter\u00e7a-feira (08\/08), das 13h \u00e0s 18h, e na sexta-feira (11\/08), das 11h \u00e0s 14h, conforme portaria:\u00a0http:\/\/reitoria.ufpel.edu.br\/portarias\/arquivos\/1628_2017.pdf<\/p>\n","protected":false},"author":555,"featured_media":0,"comment_status":"closed","ping_status":"closed","sticky":false,"template":"","format":"standard","meta":{"_jetpack_memberships_contains_paid_content":false,"footnotes":""},"categories":[25],"tags":[],"class_list":["post-1392","post","type-post","status-publish","format-standard","hentry","category-noticias-pt"],"jetpack_featured_media_url":"","jetpack_sharing_enabled":true,"_links":{"self":[{"href":"https:\/\/wp.ufpel.edu.br\/ppgcienciapolitica\/wp-json\/wp\/v2\/posts\/1392","targetHints":{"allow":["GET"]}}],"collection":[{"href":"https:\/\/wp.ufpel.edu.br\/ppgcienciapolitica\/wp-json\/wp\/v2\/posts"}],"about":[{"href":"https:\/\/wp.ufpel.edu.br\/ppgcienciapolitica\/wp-json\/wp\/v2\/types\/post"}],"author":[{"embeddable":true,"href":"https:\/\/wp.ufpel.edu.br\/ppgcienciapolitica\/wp-json\/wp\/v2\/users\/555"}],"replies":[{"embeddable":true,"href":"https:\/\/wp.ufpel.edu.br\/ppgcienciapolitica\/wp-json\/wp\/v2\/comments?post=1392"}],"version-history":[{"count":2,"href":"https:\/\/wp.ufpel.edu.br\/ppgcienciapolitica\/wp-json\/wp\/v2\/posts\/1392\/revisions"}],"predecessor-version":[{"id":1394,"href":"https:\/\/wp.ufpel.edu.br\/ppgcienciapolitica\/wp-json\/wp\/v2\/posts\/1392\/revisions\/1394"}],"wp:attachment":[{"href":"https:\/\/wp.ufpel.edu.br\/ppgcienciapolitica\/wp-json\/wp\/v2\/media?parent=1392"}],"wp:term":[{"taxonomy":"category","embeddable":true,"href":"https:\/\/wp.ufpel.edu.br\/ppgcienciapolitica\/wp-json\/wp\/v2\/categories?post=1392"},{"taxonomy":"post_tag","embeddable":true,"href":"https:\/\/wp.ufpel.edu.br\/ppgcienciapolitica\/wp-json\/wp\/v2\/tags?post=1392"}],"curies":[{"name":"wp","href":"https:\/\/api.w.org\/{rel}","templated":true}]}}