{"id":1385,"date":"2017-07-19T23:14:01","date_gmt":"2017-07-20T02:14:01","guid":{"rendered":"https:\/\/wp.ufpel.edu.br\/ppgcienciapolitica\/?p=1385"},"modified":"2019-04-04T18:01:57","modified_gmt":"2019-04-04T21:01:57","slug":"evento","status":"publish","type":"post","link":"https:\/\/wp.ufpel.edu.br\/ppgcienciapolitica\/evento\/","title":{"rendered":"Evento"},"content":{"rendered":"<p>Os Programas de P\u00f3s-Gradua\u00e7\u00e3o em Ci\u00eancia Pol\u00edtica e em Sociologia, do Instituto de Filosofia, Sociologia e Pol\u00edtica, da Universidade Federal de Pelotas, juntamente com o Grupo de Pesquisa Ideologia e An\u00e1lise de Discurso organizam o <em>II Simp\u00f3sio P\u00f3s-Estruturalismo e Teoria Social: Ernesto Laclau e seus interlocutores.<\/em><\/p>\n<p>Resumos para os 5 GTs ser\u00e3o recebidos at\u00e9 23 de julho de 2017.<\/p>\n<p>Mais informa\u00e7\u00f5es na aba Eventos &#8211; Eventos Ligados ao PPGCPol.<\/p>\n","protected":false},"excerpt":{"rendered":"<p>Os Programas de P\u00f3s-Gradua\u00e7\u00e3o em Ci\u00eancia Pol\u00edtica e em Sociologia, do Instituto de Filosofia, Sociologia e Pol\u00edtica, da Universidade Federal de Pelotas, juntamente com o Grupo de Pesquisa Ideologia e An\u00e1lise de Discurso organizam o II Simp\u00f3sio P\u00f3s-Estruturalismo e Teoria Social: Ernesto Laclau e seus interlocutores. Resumos para os 5 GTs ser\u00e3o recebidos at\u00e9 23 [&hellip;]<\/p>\n","protected":false},"author":555,"featured_media":0,"comment_status":"closed","ping_status":"closed","sticky":false,"template":"","format":"standard","meta":{"_jetpack_memberships_contains_paid_content":false,"footnotes":""},"categories":[25],"tags":[],"class_list":["post-1385","post","type-post","status-publish","format-standard","hentry","category-noticias-pt"],"jetpack_featured_media_url":"","jetpack_sharing_enabled":true,"_links":{"self":[{"href":"https:\/\/wp.ufpel.edu.br\/ppgcienciapolitica\/wp-json\/wp\/v2\/posts\/1385","targetHints":{"allow":["GET"]}}],"collection":[{"href":"https:\/\/wp.ufpel.edu.br\/ppgcienciapolitica\/wp-json\/wp\/v2\/posts"}],"about":[{"href":"https:\/\/wp.ufpel.edu.br\/ppgcienciapolitica\/wp-json\/wp\/v2\/types\/post"}],"author":[{"embeddable":true,"href":"https:\/\/wp.ufpel.edu.br\/ppgcienciapolitica\/wp-json\/wp\/v2\/users\/555"}],"replies":[{"embeddable":true,"href":"https:\/\/wp.ufpel.edu.br\/ppgcienciapolitica\/wp-json\/wp\/v2\/comments?post=1385"}],"version-history":[{"count":1,"href":"https:\/\/wp.ufpel.edu.br\/ppgcienciapolitica\/wp-json\/wp\/v2\/posts\/1385\/revisions"}],"predecessor-version":[{"id":1386,"href":"https:\/\/wp.ufpel.edu.br\/ppgcienciapolitica\/wp-json\/wp\/v2\/posts\/1385\/revisions\/1386"}],"wp:attachment":[{"href":"https:\/\/wp.ufpel.edu.br\/ppgcienciapolitica\/wp-json\/wp\/v2\/media?parent=1385"}],"wp:term":[{"taxonomy":"category","embeddable":true,"href":"https:\/\/wp.ufpel.edu.br\/ppgcienciapolitica\/wp-json\/wp\/v2\/categories?post=1385"},{"taxonomy":"post_tag","embeddable":true,"href":"https:\/\/wp.ufpel.edu.br\/ppgcienciapolitica\/wp-json\/wp\/v2\/tags?post=1385"}],"curies":[{"name":"wp","href":"https:\/\/api.w.org\/{rel}","templated":true}]}}