{"id":1344,"date":"2017-05-14T21:55:07","date_gmt":"2017-05-15T00:55:07","guid":{"rendered":"https:\/\/wp.ufpel.edu.br\/ppgcienciapolitica\/?p=1344"},"modified":"2019-04-04T18:24:34","modified_gmt":"2019-04-04T21:24:34","slug":"divulgacao-de-livro-2","status":"publish","type":"post","link":"https:\/\/wp.ufpel.edu.br\/ppgcienciapolitica\/divulgacao-de-livro-2\/","title":{"rendered":"Divulga\u00e7\u00e3o de livro"},"content":{"rendered":"<p>O professor do PPGCPol L\u00e9o Peixoto Rodrigues, em co-autoria com o professor Fabr\u00edcio Monteiro Neves (UnB), lan\u00e7a o livro \u201c<strong>Sociologia de Niklas Luhmann\u201d<\/strong>.<\/p>\n<p>&nbsp;<\/p>\n<p><a href=\"https:\/\/wp.ufpel.edu.br\/ppgcienciapolitica\/files\/2017\/05\/CAPA-A-sociologia-de-Niklas-Luhmann-2.gif\"><img class=\" wp-image-1346 alignleft\" src=\"https:\/\/wp.ufpel.edu.br\/ppgcienciapolitica\/files\/2017\/05\/CAPA-A-sociologia-de-Niklas-Luhmann-2.gif\" alt=\"\" width=\"350\" height=\"197\" \/><\/a>A obra , publicada pela <strong>Editora Vozes<\/strong> e que faz parte da cole\u00e7\u00e3o \u201cPontos de Refer\u00eancia\u201d, rec\u00e9m lan\u00e7ada pela mesma Editora, vem preencher uma lacuna te\u00f3rica na Sociologia brasileiras. Os autores dedicaram-se a apresentar uma teoria de dif\u00edcil compreens\u00e3o de forma clara, did\u00e1tica, encadeando os principais conceitos \u2013 que d\u00e3o forma e corpo ao seu escopo te\u00f3rico sist\u00eamico \u2013 propostos por Luhmann, sem prescindir do necess\u00e1rio rigor que a pr\u00f3pria teoria exige. Niklas Luhmann \u00e9 um dos mais proeminentes e pol\u00eamicos te\u00f3ricos da sociologia e das ci\u00eancias sociais, como um todo, desta contemporaneidade. Niklas Luhmann construiu uma perspectiva te\u00f3rica da sociedade, colocando no centro a necessidade de se afrontar a crescente complexidade que o sistema social, numa<\/p>\n<p><!--more--><\/p>\n<p>perspectiva global, vem desenvolvendo. Para Luhmann, a sociedade, que se constitui em um sistema complexo, fechado sobre si mesmo, do ponto de vista de seu operar. Tal sistema diferencia\u00e7\u00e3o em subsistemas funcionais, a partir de seu interior, inflacionando seu pr\u00f3prio processo evolutivo.<\/p>\n<p>Para aquisi\u00e7\u00e3o:<\/p>\n<p>&nbsp;<\/p>\n<table width=\"64%\">\n<tbody>\n<tr>\n<td colspan=\"2\">Teobaldo Heidemann<\/td>\n<\/tr>\n<tr>\n<td>Coordena\u00e7\u00e3o Nacional de Vendas &#8211; Editora Vozes Ltda<br \/>\nRua Frei Luis , N\u00b0 100, Centro , Petr\u00f3polis-RJ Cep 25689-900 Tel (24)2233-9000 Ramal: 9005<\/td>\n<td><\/td>\n<\/tr>\n<\/tbody>\n<\/table>\n<p>Visite o site: <a href=\"http:\/\/www.universovozes.com.br\/livrariavozes\/web\/view\/DetalheProdutoCommerce.aspx?ProdId=8532654126\">http:\/\/www.universovozes.com.br\/livrariavozes\/web\/view\/DetalheProdutoCommerce.aspx?ProdId=8532654126<\/a><\/p>\n","protected":false},"excerpt":{"rendered":"<p>O professor do PPGCPol L\u00e9o Peixoto Rodrigues, em co-autoria com o professor Fabr\u00edcio Monteiro Neves (UnB), lan\u00e7a o livro \u201cSociologia de Niklas Luhmann\u201d. &nbsp; A obra , publicada pela Editora Vozes e que faz parte da cole\u00e7\u00e3o \u201cPontos de Refer\u00eancia\u201d, rec\u00e9m lan\u00e7ada pela mesma Editora, vem preencher uma lacuna te\u00f3rica na Sociologia brasileiras. Os autores [&hellip;]<\/p>\n","protected":false},"author":555,"featured_media":0,"comment_status":"closed","ping_status":"closed","sticky":false,"template":"","format":"standard","meta":{"_jetpack_memberships_contains_paid_content":false,"footnotes":""},"categories":[25],"tags":[],"class_list":["post-1344","post","type-post","status-publish","format-standard","hentry","category-noticias-pt"],"jetpack_featured_media_url":"","jetpack_sharing_enabled":true,"_links":{"self":[{"href":"https:\/\/wp.ufpel.edu.br\/ppgcienciapolitica\/wp-json\/wp\/v2\/posts\/1344","targetHints":{"allow":["GET"]}}],"collection":[{"href":"https:\/\/wp.ufpel.edu.br\/ppgcienciapolitica\/wp-json\/wp\/v2\/posts"}],"about":[{"href":"https:\/\/wp.ufpel.edu.br\/ppgcienciapolitica\/wp-json\/wp\/v2\/types\/post"}],"author":[{"embeddable":true,"href":"https:\/\/wp.ufpel.edu.br\/ppgcienciapolitica\/wp-json\/wp\/v2\/users\/555"}],"replies":[{"embeddable":true,"href":"https:\/\/wp.ufpel.edu.br\/ppgcienciapolitica\/wp-json\/wp\/v2\/comments?post=1344"}],"version-history":[{"count":2,"href":"https:\/\/wp.ufpel.edu.br\/ppgcienciapolitica\/wp-json\/wp\/v2\/posts\/1344\/revisions"}],"predecessor-version":[{"id":1348,"href":"https:\/\/wp.ufpel.edu.br\/ppgcienciapolitica\/wp-json\/wp\/v2\/posts\/1344\/revisions\/1348"}],"wp:attachment":[{"href":"https:\/\/wp.ufpel.edu.br\/ppgcienciapolitica\/wp-json\/wp\/v2\/media?parent=1344"}],"wp:term":[{"taxonomy":"category","embeddable":true,"href":"https:\/\/wp.ufpel.edu.br\/ppgcienciapolitica\/wp-json\/wp\/v2\/categories?post=1344"},{"taxonomy":"post_tag","embeddable":true,"href":"https:\/\/wp.ufpel.edu.br\/ppgcienciapolitica\/wp-json\/wp\/v2\/tags?post=1344"}],"curies":[{"name":"wp","href":"https:\/\/api.w.org\/{rel}","templated":true}]}}