{"id":1325,"date":"2017-05-04T20:24:12","date_gmt":"2017-05-04T23:24:12","guid":{"rendered":"https:\/\/wp.ufpel.edu.br\/ppgcienciapolitica\/?p=1325"},"modified":"2019-04-04T18:31:45","modified_gmt":"2019-04-04T21:31:45","slug":"edital-de-selecao-de-docentes-permanentes-para-o-ppgcpol","status":"publish","type":"post","link":"https:\/\/wp.ufpel.edu.br\/ppgcienciapolitica\/edital-de-selecao-de-docentes-permanentes-para-o-ppgcpol\/","title":{"rendered":"Edital de sele\u00e7\u00e3o de docentes permanentes para o PPGCPol"},"content":{"rendered":"<p>A coordena\u00e7\u00e3o do PPGCPol, no uso de suas atribui\u00e7\u00f5es, torna p\u00fablico,\u00a0<span class=\"Apple-style-span\">para conhecimento dos interessados, o processo de sele\u00e7\u00e3o de docentes permanentes para o\u00a0PPGCPol da UFPel.<\/span><\/p>\n<p>Para informa\u00e7\u00f5es, acesse o <a href=\"https:\/\/wp.ufpel.edu.br\/ppgcienciapolitica\/files\/2017\/05\/Edital-Sele\u00e7\u00e3o-Docentes-Permanentes-PPGCPol-2017.pdf\">Edital Sele\u00e7\u00e3o Docentes Permanentes PPGCPol<\/a>.<\/p>\n","protected":false},"excerpt":{"rendered":"<p>A coordena\u00e7\u00e3o do PPGCPol, no uso de suas atribui\u00e7\u00f5es, torna p\u00fablico,\u00a0para conhecimento dos interessados, o processo de sele\u00e7\u00e3o de docentes permanentes para o\u00a0PPGCPol da UFPel. Para informa\u00e7\u00f5es, acesse o Edital Sele\u00e7\u00e3o Docentes Permanentes PPGCPol.<\/p>\n","protected":false},"author":555,"featured_media":0,"comment_status":"closed","ping_status":"closed","sticky":false,"template":"","format":"standard","meta":{"_jetpack_memberships_contains_paid_content":false,"footnotes":""},"categories":[25],"tags":[],"class_list":["post-1325","post","type-post","status-publish","format-standard","hentry","category-noticias-pt"],"jetpack_featured_media_url":"","jetpack_sharing_enabled":true,"_links":{"self":[{"href":"https:\/\/wp.ufpel.edu.br\/ppgcienciapolitica\/wp-json\/wp\/v2\/posts\/1325","targetHints":{"allow":["GET"]}}],"collection":[{"href":"https:\/\/wp.ufpel.edu.br\/ppgcienciapolitica\/wp-json\/wp\/v2\/posts"}],"about":[{"href":"https:\/\/wp.ufpel.edu.br\/ppgcienciapolitica\/wp-json\/wp\/v2\/types\/post"}],"author":[{"embeddable":true,"href":"https:\/\/wp.ufpel.edu.br\/ppgcienciapolitica\/wp-json\/wp\/v2\/users\/555"}],"replies":[{"embeddable":true,"href":"https:\/\/wp.ufpel.edu.br\/ppgcienciapolitica\/wp-json\/wp\/v2\/comments?post=1325"}],"version-history":[{"count":1,"href":"https:\/\/wp.ufpel.edu.br\/ppgcienciapolitica\/wp-json\/wp\/v2\/posts\/1325\/revisions"}],"predecessor-version":[{"id":1327,"href":"https:\/\/wp.ufpel.edu.br\/ppgcienciapolitica\/wp-json\/wp\/v2\/posts\/1325\/revisions\/1327"}],"wp:attachment":[{"href":"https:\/\/wp.ufpel.edu.br\/ppgcienciapolitica\/wp-json\/wp\/v2\/media?parent=1325"}],"wp:term":[{"taxonomy":"category","embeddable":true,"href":"https:\/\/wp.ufpel.edu.br\/ppgcienciapolitica\/wp-json\/wp\/v2\/categories?post=1325"},{"taxonomy":"post_tag","embeddable":true,"href":"https:\/\/wp.ufpel.edu.br\/ppgcienciapolitica\/wp-json\/wp\/v2\/tags?post=1325"}],"curies":[{"name":"wp","href":"https:\/\/api.w.org\/{rel}","templated":true}]}}