{"id":1300,"date":"2017-04-13T17:00:57","date_gmt":"2017-04-13T20:00:57","guid":{"rendered":"https:\/\/wp.ufpel.edu.br\/ppgcienciapolitica\/?p=1300"},"modified":"2019-04-04T18:36:13","modified_gmt":"2019-04-04T21:36:13","slug":"aprovados-na-selecao-aluno-especial-ppgcpol-20171","status":"publish","type":"post","link":"https:\/\/wp.ufpel.edu.br\/ppgcienciapolitica\/aprovados-na-selecao-aluno-especial-ppgcpol-20171\/","title":{"rendered":"Aprovados na sele\u00e7\u00e3o Aluno Especial PPGCPol 2017\/1"},"content":{"rendered":"<p>As <strong>matr\u00edculas<\/strong> dos selecionados para Aluno Especial do PPGCPol 2017\/1 ser\u00e3o realizadas em <strong>19 de abril, das 13h \u00e0s 17h<\/strong>, na secretaria do programa.<\/p>\n<p>As listas dos aprovados podem ser acessadas em: <a href=\"https:\/\/wp.ufpel.edu.br\/ppgcienciapolitica\/files\/2017\/04\/Aprovados-na-sele\u00e7\u00e3o-Aluno-Especial-PPGCPol-2017-1.pdf\">Aprovados na sele\u00e7\u00e3o Aluno Especial PPGCPol 2017 1<\/a><\/p>\n","protected":false},"excerpt":{"rendered":"<p>As matr\u00edculas dos selecionados para Aluno Especial do PPGCPol 2017\/1 ser\u00e3o realizadas em 19 de abril, das 13h \u00e0s 17h, na secretaria do programa. As listas dos aprovados podem ser acessadas em: Aprovados na sele\u00e7\u00e3o Aluno Especial PPGCPol 2017 1<\/p>\n","protected":false},"author":555,"featured_media":0,"comment_status":"closed","ping_status":"closed","sticky":false,"template":"","format":"standard","meta":{"_jetpack_memberships_contains_paid_content":false,"footnotes":""},"categories":[25],"tags":[],"class_list":["post-1300","post","type-post","status-publish","format-standard","hentry","category-noticias-pt"],"jetpack_featured_media_url":"","jetpack_sharing_enabled":true,"_links":{"self":[{"href":"https:\/\/wp.ufpel.edu.br\/ppgcienciapolitica\/wp-json\/wp\/v2\/posts\/1300","targetHints":{"allow":["GET"]}}],"collection":[{"href":"https:\/\/wp.ufpel.edu.br\/ppgcienciapolitica\/wp-json\/wp\/v2\/posts"}],"about":[{"href":"https:\/\/wp.ufpel.edu.br\/ppgcienciapolitica\/wp-json\/wp\/v2\/types\/post"}],"author":[{"embeddable":true,"href":"https:\/\/wp.ufpel.edu.br\/ppgcienciapolitica\/wp-json\/wp\/v2\/users\/555"}],"replies":[{"embeddable":true,"href":"https:\/\/wp.ufpel.edu.br\/ppgcienciapolitica\/wp-json\/wp\/v2\/comments?post=1300"}],"version-history":[{"count":1,"href":"https:\/\/wp.ufpel.edu.br\/ppgcienciapolitica\/wp-json\/wp\/v2\/posts\/1300\/revisions"}],"predecessor-version":[{"id":1302,"href":"https:\/\/wp.ufpel.edu.br\/ppgcienciapolitica\/wp-json\/wp\/v2\/posts\/1300\/revisions\/1302"}],"wp:attachment":[{"href":"https:\/\/wp.ufpel.edu.br\/ppgcienciapolitica\/wp-json\/wp\/v2\/media?parent=1300"}],"wp:term":[{"taxonomy":"category","embeddable":true,"href":"https:\/\/wp.ufpel.edu.br\/ppgcienciapolitica\/wp-json\/wp\/v2\/categories?post=1300"},{"taxonomy":"post_tag","embeddable":true,"href":"https:\/\/wp.ufpel.edu.br\/ppgcienciapolitica\/wp-json\/wp\/v2\/tags?post=1300"}],"curies":[{"name":"wp","href":"https:\/\/api.w.org\/{rel}","templated":true}]}}