{"id":1274,"date":"2017-03-28T07:45:50","date_gmt":"2017-03-28T10:45:50","guid":{"rendered":"https:\/\/wp.ufpel.edu.br\/ppgcienciapolitica\/?p=1274"},"modified":"2019-04-04T17:49:55","modified_gmt":"2019-04-04T20:49:55","slug":"edital-selecao-de-aluno-especial-20171","status":"publish","type":"post","link":"https:\/\/wp.ufpel.edu.br\/ppgcienciapolitica\/edital-selecao-de-aluno-especial-20171\/","title":{"rendered":"Edital \u2013 Sele\u00e7\u00e3o de Aluno Especial 2017\/1"},"content":{"rendered":"<p>Est\u00e1 dispon\u00edvel o edital de sele\u00e7\u00e3o de aluno especial para o per\u00edodo de\u00a02017\/I do PPGCPol.<\/p>\n<p>Acesse <a href=\"https:\/\/wp.ufpel.edu.br\/ppgcienciapolitica\/files\/2017\/03\/Edital-de-aluno-Especial-1-semestre-de-2017.pdf\">Edital de aluno Especial 1 semestre de 2017<\/a>\u00a0para mais informa\u00e7\u00f5es.<\/p>\n<p>As inscri\u00e7\u00f5es para a sele\u00e7\u00e3o ser\u00e3o recebidas dias 06 e 07 de abril das 13h \u00e0s 17h na secretaria do PPGCPol.<\/p>\n","protected":false},"excerpt":{"rendered":"<p>Est\u00e1 dispon\u00edvel o edital de sele\u00e7\u00e3o de aluno especial para o per\u00edodo de\u00a02017\/I do PPGCPol. Acesse Edital de aluno Especial 1 semestre de 2017\u00a0para mais informa\u00e7\u00f5es. As inscri\u00e7\u00f5es para a sele\u00e7\u00e3o ser\u00e3o recebidas dias 06 e 07 de abril das 13h \u00e0s 17h na secretaria do PPGCPol.<\/p>\n","protected":false},"author":555,"featured_media":0,"comment_status":"closed","ping_status":"closed","sticky":false,"template":"","format":"standard","meta":{"_jetpack_memberships_contains_paid_content":false,"footnotes":""},"categories":[25],"tags":[],"class_list":["post-1274","post","type-post","status-publish","format-standard","hentry","category-noticias-pt"],"jetpack_featured_media_url":"","jetpack_sharing_enabled":true,"_links":{"self":[{"href":"https:\/\/wp.ufpel.edu.br\/ppgcienciapolitica\/wp-json\/wp\/v2\/posts\/1274","targetHints":{"allow":["GET"]}}],"collection":[{"href":"https:\/\/wp.ufpel.edu.br\/ppgcienciapolitica\/wp-json\/wp\/v2\/posts"}],"about":[{"href":"https:\/\/wp.ufpel.edu.br\/ppgcienciapolitica\/wp-json\/wp\/v2\/types\/post"}],"author":[{"embeddable":true,"href":"https:\/\/wp.ufpel.edu.br\/ppgcienciapolitica\/wp-json\/wp\/v2\/users\/555"}],"replies":[{"embeddable":true,"href":"https:\/\/wp.ufpel.edu.br\/ppgcienciapolitica\/wp-json\/wp\/v2\/comments?post=1274"}],"version-history":[{"count":5,"href":"https:\/\/wp.ufpel.edu.br\/ppgcienciapolitica\/wp-json\/wp\/v2\/posts\/1274\/revisions"}],"predecessor-version":[{"id":1283,"href":"https:\/\/wp.ufpel.edu.br\/ppgcienciapolitica\/wp-json\/wp\/v2\/posts\/1274\/revisions\/1283"}],"wp:attachment":[{"href":"https:\/\/wp.ufpel.edu.br\/ppgcienciapolitica\/wp-json\/wp\/v2\/media?parent=1274"}],"wp:term":[{"taxonomy":"category","embeddable":true,"href":"https:\/\/wp.ufpel.edu.br\/ppgcienciapolitica\/wp-json\/wp\/v2\/categories?post=1274"},{"taxonomy":"post_tag","embeddable":true,"href":"https:\/\/wp.ufpel.edu.br\/ppgcienciapolitica\/wp-json\/wp\/v2\/tags?post=1274"}],"curies":[{"name":"wp","href":"https:\/\/api.w.org\/{rel}","templated":true}]}}