{"id":1232,"date":"2017-02-09T22:29:57","date_gmt":"2017-02-10T00:29:57","guid":{"rendered":"https:\/\/wp.ufpel.edu.br\/ppgcienciapolitica\/?p=1232"},"modified":"2019-04-04T18:09:12","modified_gmt":"2019-04-04T21:09:12","slug":"informacoes-sobre-as-matriculas-2017","status":"publish","type":"post","link":"https:\/\/wp.ufpel.edu.br\/ppgcienciapolitica\/informacoes-sobre-as-matriculas-2017\/","title":{"rendered":"Informa\u00e7\u00f5es sobre as matr\u00edculas 2017"},"content":{"rendered":"<p>As matr\u00edculas dos ingressantes em 2017 do PPGCPol (Mestrado e Doutorado) ser\u00e3o realizadas presencialmente no dia 02 de mar\u00e7o.<\/p>\n<p>As matr\u00edculas dos demais discentes do PPGCPol ser\u00e3o realizadas no dia 03 de mar\u00e7o, via e-mail.<\/p>\n<p>Fiquem atentos para informa\u00e7\u00f5es que ser\u00e3o divulgadas nos pr\u00f3ximos dias (hor\u00e1rios, documentos necess\u00e1rios e disciplinas).<\/p>\n","protected":false},"excerpt":{"rendered":"<p>As matr\u00edculas dos ingressantes em 2017 do PPGCPol (Mestrado e Doutorado) ser\u00e3o realizadas presencialmente no dia 02 de mar\u00e7o. As matr\u00edculas dos demais discentes do PPGCPol ser\u00e3o realizadas no dia 03 de mar\u00e7o, via e-mail. Fiquem atentos para informa\u00e7\u00f5es que ser\u00e3o divulgadas nos pr\u00f3ximos dias (hor\u00e1rios, documentos necess\u00e1rios e disciplinas).<\/p>\n","protected":false},"author":555,"featured_media":0,"comment_status":"closed","ping_status":"closed","sticky":false,"template":"","format":"standard","meta":{"_jetpack_memberships_contains_paid_content":false,"footnotes":""},"categories":[25],"tags":[],"class_list":["post-1232","post","type-post","status-publish","format-standard","hentry","category-noticias-pt"],"jetpack_featured_media_url":"","jetpack_sharing_enabled":true,"_links":{"self":[{"href":"https:\/\/wp.ufpel.edu.br\/ppgcienciapolitica\/wp-json\/wp\/v2\/posts\/1232","targetHints":{"allow":["GET"]}}],"collection":[{"href":"https:\/\/wp.ufpel.edu.br\/ppgcienciapolitica\/wp-json\/wp\/v2\/posts"}],"about":[{"href":"https:\/\/wp.ufpel.edu.br\/ppgcienciapolitica\/wp-json\/wp\/v2\/types\/post"}],"author":[{"embeddable":true,"href":"https:\/\/wp.ufpel.edu.br\/ppgcienciapolitica\/wp-json\/wp\/v2\/users\/555"}],"replies":[{"embeddable":true,"href":"https:\/\/wp.ufpel.edu.br\/ppgcienciapolitica\/wp-json\/wp\/v2\/comments?post=1232"}],"version-history":[{"count":1,"href":"https:\/\/wp.ufpel.edu.br\/ppgcienciapolitica\/wp-json\/wp\/v2\/posts\/1232\/revisions"}],"predecessor-version":[{"id":1233,"href":"https:\/\/wp.ufpel.edu.br\/ppgcienciapolitica\/wp-json\/wp\/v2\/posts\/1232\/revisions\/1233"}],"wp:attachment":[{"href":"https:\/\/wp.ufpel.edu.br\/ppgcienciapolitica\/wp-json\/wp\/v2\/media?parent=1232"}],"wp:term":[{"taxonomy":"category","embeddable":true,"href":"https:\/\/wp.ufpel.edu.br\/ppgcienciapolitica\/wp-json\/wp\/v2\/categories?post=1232"},{"taxonomy":"post_tag","embeddable":true,"href":"https:\/\/wp.ufpel.edu.br\/ppgcienciapolitica\/wp-json\/wp\/v2\/tags?post=1232"}],"curies":[{"name":"wp","href":"https:\/\/api.w.org\/{rel}","templated":true}]}}