{"id":1103,"date":"2016-11-18T21:01:21","date_gmt":"2016-11-18T23:01:21","guid":{"rendered":"https:\/\/wp.ufpel.edu.br\/ppgcienciapolitica\/?p=1103"},"modified":"2019-04-04T17:54:07","modified_gmt":"2019-04-04T20:54:07","slug":"segunda-fase-das-selecoes-de-mestrado-e-de-doutorado-turmas-2017","status":"publish","type":"post","link":"https:\/\/wp.ufpel.edu.br\/ppgcienciapolitica\/segunda-fase-das-selecoes-de-mestrado-e-de-doutorado-turmas-2017\/","title":{"rendered":"Segunda fase das Sele\u00e7\u00f5es de Mestrado e de Doutorado (Turmas 2017)"},"content":{"rendered":"<p>A segunda fase das sele\u00e7\u00f5es de Mestrado e de Doutorado ser\u00e1 realizada no dia <strong>24 de novembro de 2016, \u00e0s 14h<\/strong>.<\/p>\n<p>As provas ser\u00e3o aplicadas no pr\u00e9dio do IFISP \u2013 R. Cel. Alberto Rosa n. 154.<\/p>\n<p>Candidatos ao <strong>Mestrado<\/strong> realizar\u00e3o a prova na <strong>sala 206.<\/strong><\/p>\n<p>Candidatos ao <strong>Doutorado<\/strong> realizar\u00e3o a prova na <strong>sala 201.<\/strong><\/p>\n","protected":false},"excerpt":{"rendered":"<p>A segunda fase das sele\u00e7\u00f5es de Mestrado e de Doutorado ser\u00e1 realizada no dia 24 de novembro de 2016, \u00e0s 14h. As provas ser\u00e3o aplicadas no pr\u00e9dio do IFISP \u2013 R. Cel. Alberto Rosa n. 154. Candidatos ao Mestrado realizar\u00e3o a prova na sala 206. Candidatos ao Doutorado realizar\u00e3o a prova na sala 201.<\/p>\n","protected":false},"author":555,"featured_media":0,"comment_status":"closed","ping_status":"closed","sticky":false,"template":"","format":"standard","meta":{"_jetpack_memberships_contains_paid_content":false,"footnotes":""},"categories":[25],"tags":[],"class_list":["post-1103","post","type-post","status-publish","format-standard","hentry","category-noticias-pt"],"jetpack_featured_media_url":"","jetpack_sharing_enabled":true,"_links":{"self":[{"href":"https:\/\/wp.ufpel.edu.br\/ppgcienciapolitica\/wp-json\/wp\/v2\/posts\/1103","targetHints":{"allow":["GET"]}}],"collection":[{"href":"https:\/\/wp.ufpel.edu.br\/ppgcienciapolitica\/wp-json\/wp\/v2\/posts"}],"about":[{"href":"https:\/\/wp.ufpel.edu.br\/ppgcienciapolitica\/wp-json\/wp\/v2\/types\/post"}],"author":[{"embeddable":true,"href":"https:\/\/wp.ufpel.edu.br\/ppgcienciapolitica\/wp-json\/wp\/v2\/users\/555"}],"replies":[{"embeddable":true,"href":"https:\/\/wp.ufpel.edu.br\/ppgcienciapolitica\/wp-json\/wp\/v2\/comments?post=1103"}],"version-history":[{"count":1,"href":"https:\/\/wp.ufpel.edu.br\/ppgcienciapolitica\/wp-json\/wp\/v2\/posts\/1103\/revisions"}],"predecessor-version":[{"id":1104,"href":"https:\/\/wp.ufpel.edu.br\/ppgcienciapolitica\/wp-json\/wp\/v2\/posts\/1103\/revisions\/1104"}],"wp:attachment":[{"href":"https:\/\/wp.ufpel.edu.br\/ppgcienciapolitica\/wp-json\/wp\/v2\/media?parent=1103"}],"wp:term":[{"taxonomy":"category","embeddable":true,"href":"https:\/\/wp.ufpel.edu.br\/ppgcienciapolitica\/wp-json\/wp\/v2\/categories?post=1103"},{"taxonomy":"post_tag","embeddable":true,"href":"https:\/\/wp.ufpel.edu.br\/ppgcienciapolitica\/wp-json\/wp\/v2\/tags?post=1103"}],"curies":[{"name":"wp","href":"https:\/\/api.w.org\/{rel}","templated":true}]}}