{"id":3051,"date":"2019-07-11T17:12:27","date_gmt":"2019-07-11T20:12:27","guid":{"rendered":"https:\/\/wp.ufpel.edu.br\/ppgcem\/?p=3051"},"modified":"2019-07-11T17:12:27","modified_gmt":"2019-07-11T20:12:27","slug":"relatorio-semestral-2019-1","status":"publish","type":"post","link":"https:\/\/wp.ufpel.edu.br\/ppgcem\/2019\/07\/11\/relatorio-semestral-2019-1\/","title":{"rendered":"Relat\u00f3rio Semestral 2019\/1"},"content":{"rendered":"<div dir=\"ltr\">Prezados alunos,<\/p>\n<p>Est\u00e1 dispon\u00edvel o link para o preenchimento do Relat\u00f3rio Discente referente ao semestre 2019\/1: <a href=\"https:\/\/forms.gle\/bwzVKRJCLD94EREf8\" target=\"_blank\" rel=\"noopener noreferrer\" data-saferedirecturl=\"https:\/\/www.google.com\/url?q=https:\/\/forms.gle\/bwzVKRJCLD94EREf8&amp;source=gmail&amp;ust=1562961692476000&amp;usg=AFQjCNE7ityGhKbxt_H9w1_oXd6CIrqqdA\">https:\/\/forms.gle\/bwzVKRJCLD94EREf8<\/a><\/p>\n<\/div>\n<div>O relat\u00f3rio online deve ser enviado pelos alunos <b><u>at\u00e9 no m\u00e1ximo o dia 31 de julho de 2019<\/u> \u00e0s 23.59h. <\/b><b><\/p>\n<p><u>Aten\u00e7\u00e3o!!!<\/u> Ap\u00f3s o envio do formul\u00e1rio, o Google Forms ir\u00e1 enviar uma c\u00f3pia das suas respostas para o seu e-mail. Voc\u00ea dever\u00e1 gerar um arquivo .PDF desse e-mail, agregar a toda a comprova\u00e7\u00e3o dos dados informados e enviar para o e-mail do seu orientador (Recomendamos a utiliza\u00e7\u00e3o de compactador .RAR ou .ZIP). Relat\u00f3rios que n\u00e3o passarem pela aprova\u00e7\u00e3o do orientador n\u00e3o ser\u00e3o aceitos. <\/b><\/p>\n<p><b><\/b><\/div>\n<div dir=\"ltr\">\n<div>\nReenvio as respostas \u00e0s d\u00favidas do semestre anterior:<\/p>\n<\/div>\n<div>&#8211; Sim, \u00e9 obrigat\u00f3rio o envio do relat\u00f3rio por todos os alunos, sejam bolsistas ou n\u00e3o. O relat\u00f3rio \u00e9 uma exig\u00eancia regimental para que seja aprovada a matr\u00edcula no pr\u00f3ximo semestre.<\/p>\n<\/div>\n<div>&#8211; Ficam desobrigados do envio do relat\u00f3rio apenas os alunos que j\u00e1 estiverem com sua defesa de disserta\u00e7\u00e3o\/tese <b>devidamente<\/b> <b>agendada at\u00e9 o dia 31\/07.<\/b><\/div>\n<div><\/div>\n<div>&#8211; As notas de 2019\/1 que ainda n\u00e3o foram publicadas pelos professores devem ser deixadas em branco (desconsideradas, n\u00e3o-informadas) no relat\u00f3rio. Isso porque o Colegiado ter\u00e1 acesso direto \u00e0s planilhas de notas das disciplinas de 2019\/1 caso necessitem.<\/p>\n<\/div>\n<div>&#8211; De acordo com a Comiss\u00e3o de Bolsas, o relat\u00f3rio se refere a toda a produ\u00e7\u00e3o cient\u00edfica do aluno desde o ingresso <u>at\u00e9 o semestre 2019\/1<\/u>. Por isso, devem ser informadas todas as atividades <u>como p\u00f3s-graduando at\u00e9 o momento<\/u>, e n\u00e3o apenas aquelas realizadas durante o semestre 2019\/1. Fica a crit\u00e9rio do aluno quais dados ser\u00e3o informados, desde que todos possuam comprova\u00e7\u00e3o.<\/p>\n<\/div>\n<div>&#8211; A comprova\u00e7\u00e3o de artigos publicados \u00e9 atrav\u00e9s do envio da folha de rosto constando nome dos autores e data de publica\u00e7\u00e3o. A comprova\u00e7\u00e3o de artigos aceitos \u00e9 atrav\u00e9s de um print ou um arquivo pdf do e-mail com o aceite.<\/div>\n<div>\n<\/div>\n<div>Pe\u00e7o que, havendo qualquer d\u00favida, entrem em contato at\u00e9 no m\u00e1ximo o dia 18\/07, pois ap\u00f3s este per\u00edodo estarei em f\u00e9rias e n\u00e3o poderei ajud\u00e1-los.<\/div>\n<div>\nAtt.,<br \/>\nSandra<\/div>\n<\/div>\n","protected":false},"excerpt":{"rendered":"<p>Prezados alunos, Est\u00e1 dispon\u00edvel o link para o preenchimento do Relat\u00f3rio Discente referente ao semestre 2019\/1: https:\/\/forms.gle\/bwzVKRJCLD94EREf8 O relat\u00f3rio online deve ser enviado pelos alunos at\u00e9 no m\u00e1ximo o dia 31 de julho de 2019 \u00e0s 23.59h. Aten\u00e7\u00e3o!!! Ap\u00f3s o envio do formul\u00e1rio, o Google Forms ir\u00e1 enviar uma c\u00f3pia das suas respostas para o [&hellip;]<\/p>\n","protected":false},"author":370,"featured_media":0,"comment_status":"closed","ping_status":"closed","sticky":false,"template":"","format":"standard","meta":{"jetpack_post_was_ever_published":false,"_jetpack_newsletter_access":"","_jetpack_dont_email_post_to_subs":false,"_jetpack_newsletter_tier_id":0,"_jetpack_memberships_contains_paywalled_content":false,"_jetpack_memberships_contains_paid_content":false,"footnotes":"","jetpack_publicize_message":"","jetpack_publicize_feature_enabled":true,"jetpack_social_post_already_shared":true,"jetpack_social_options":{"image_generator_settings":{"template":"highway","default_image_id":0,"font":"","enabled":false},"version":2}},"categories":[84624],"tags":[],"class_list":["post-3051","post","type-post","status-publish","format-standard","hentry","category-procedimentos"],"yoast_head":"<!-- This site is optimized with the Yoast SEO plugin v26.7 - https:\/\/yoast.com\/wordpress\/plugins\/seo\/ -->\n<title>Relat\u00f3rio Semestral 2019\/1 &#8211; Programa de P\u00f3s-Gradua\u00e7\u00e3o em Ci\u00eancia e Engenharia de Materiais<\/title>\n<meta name=\"robots\" content=\"noindex, follow\" \/>\n<meta property=\"og:locale\" content=\"pt_BR\" \/>\n<meta property=\"og:type\" content=\"article\" \/>\n<meta property=\"og:title\" content=\"Relat\u00f3rio Semestral 2019\/1 &#8211; Programa de P\u00f3s-Gradua\u00e7\u00e3o em Ci\u00eancia e Engenharia de Materiais\" \/>\n<meta property=\"og:description\" content=\"Prezados alunos, Est\u00e1 dispon\u00edvel o link para o preenchimento do Relat\u00f3rio Discente referente ao semestre 2019\/1: https:\/\/forms.gle\/bwzVKRJCLD94EREf8 O relat\u00f3rio online deve ser enviado pelos alunos at\u00e9 no m\u00e1ximo o dia 31 de julho de 2019 \u00e0s 23.59h. Aten\u00e7\u00e3o!!! Ap\u00f3s o envio do formul\u00e1rio, o Google Forms ir\u00e1 enviar uma c\u00f3pia das suas respostas para o [&hellip;]\" \/>\n<meta property=\"og:url\" content=\"https:\/\/wp.ufpel.edu.br\/ppgcem\/pt\/2019\/07\/11\/relatorio-semestral-2019-1\/\" \/>\n<meta property=\"og:site_name\" content=\"Programa de P\u00f3s-Gradua\u00e7\u00e3o em Ci\u00eancia e Engenharia de Materiais\" \/>\n<meta property=\"article:published_time\" content=\"2019-07-11T20:12:27+00:00\" \/>\n<meta name=\"author\" content=\"PPGCEM\" \/>\n<meta name=\"twitter:card\" content=\"summary_large_image\" \/>\n<meta name=\"twitter:label1\" content=\"Escrito por\" \/>\n\t<meta name=\"twitter:data1\" content=\"PPGCEM\" \/>\n\t<meta name=\"twitter:label2\" content=\"Est. tempo de leitura\" \/>\n\t<meta name=\"twitter:data2\" content=\"2 minutos\" \/>\n<script type=\"application\/ld+json\" class=\"yoast-schema-graph\">{\"@context\":\"https:\/\/schema.org\",\"@graph\":[{\"@type\":\"Article\",\"@id\":\"https:\/\/wp.ufpel.edu.br\/ppgcem\/pt\/2019\/07\/11\/relatorio-semestral-2019-1\/#article\",\"isPartOf\":{\"@id\":\"https:\/\/wp.ufpel.edu.br\/ppgcem\/pt\/2019\/07\/11\/relatorio-semestral-2019-1\/\"},\"author\":{\"name\":\"PPGCEM\",\"@id\":\"https:\/\/wp.ufpel.edu.br\/ppgcem\/pt\/#\/schema\/person\/59c8efca84fc9005be03d012e9bc9047\"},\"headline\":\"Relat\u00f3rio Semestral 2019\/1\",\"datePublished\":\"2019-07-11T20:12:27+00:00\",\"mainEntityOfPage\":{\"@id\":\"https:\/\/wp.ufpel.edu.br\/ppgcem\/pt\/2019\/07\/11\/relatorio-semestral-2019-1\/\"},\"wordCount\":376,\"articleSection\":[\"Procedimentos\"],\"inLanguage\":\"pt-BR\"},{\"@type\":\"WebPage\",\"@id\":\"https:\/\/wp.ufpel.edu.br\/ppgcem\/pt\/2019\/07\/11\/relatorio-semestral-2019-1\/\",\"url\":\"https:\/\/wp.ufpel.edu.br\/ppgcem\/pt\/2019\/07\/11\/relatorio-semestral-2019-1\/\",\"name\":\"Relat\u00f3rio Semestral 2019\/1 &#8211; Programa de P\u00f3s-Gradua\u00e7\u00e3o em Ci\u00eancia e Engenharia de Materiais\",\"isPartOf\":{\"@id\":\"https:\/\/wp.ufpel.edu.br\/ppgcem\/pt\/#website\"},\"datePublished\":\"2019-07-11T20:12:27+00:00\",\"author\":{\"@id\":\"https:\/\/wp.ufpel.edu.br\/ppgcem\/pt\/#\/schema\/person\/59c8efca84fc9005be03d012e9bc9047\"},\"breadcrumb\":{\"@id\":\"https:\/\/wp.ufpel.edu.br\/ppgcem\/pt\/2019\/07\/11\/relatorio-semestral-2019-1\/#breadcrumb\"},\"inLanguage\":\"pt-BR\",\"potentialAction\":[{\"@type\":\"ReadAction\",\"target\":[\"https:\/\/wp.ufpel.edu.br\/ppgcem\/pt\/2019\/07\/11\/relatorio-semestral-2019-1\/\"]}]},{\"@type\":\"BreadcrumbList\",\"@id\":\"https:\/\/wp.ufpel.edu.br\/ppgcem\/pt\/2019\/07\/11\/relatorio-semestral-2019-1\/#breadcrumb\",\"itemListElement\":[{\"@type\":\"ListItem\",\"position\":1,\"name\":\"In\u00edcio\",\"item\":\"https:\/\/wp.ufpel.edu.br\/ppgcem\/pt\/\"},{\"@type\":\"ListItem\",\"position\":2,\"name\":\"Relat\u00f3rio Semestral 2019\/1\"}]},{\"@type\":\"WebSite\",\"@id\":\"https:\/\/wp.ufpel.edu.br\/ppgcem\/pt\/#website\",\"url\":\"https:\/\/wp.ufpel.edu.br\/ppgcem\/pt\/\",\"name\":\"Programa de P\u00f3s-Gradua\u00e7\u00e3o em Ci\u00eancia e Engenharia de Materiais\",\"description\":\"\",\"potentialAction\":[{\"@type\":\"SearchAction\",\"target\":{\"@type\":\"EntryPoint\",\"urlTemplate\":\"https:\/\/wp.ufpel.edu.br\/ppgcem\/pt\/?s={search_term_string}\"},\"query-input\":{\"@type\":\"PropertyValueSpecification\",\"valueRequired\":true,\"valueName\":\"search_term_string\"}}],\"inLanguage\":\"pt-BR\"},{\"@type\":\"Person\",\"@id\":\"https:\/\/wp.ufpel.edu.br\/ppgcem\/pt\/#\/schema\/person\/59c8efca84fc9005be03d012e9bc9047\",\"name\":\"PPGCEM\",\"image\":{\"@type\":\"ImageObject\",\"inLanguage\":\"pt-BR\",\"@id\":\"https:\/\/wp.ufpel.edu.br\/ppgcem\/pt\/#\/schema\/person\/image\/\",\"url\":\"https:\/\/secure.gravatar.com\/avatar\/10369c3739fe844abd431df01236c55859a847df22de9e794c304366510b1860?s=96&d=mm&r=g\",\"contentUrl\":\"https:\/\/secure.gravatar.com\/avatar\/10369c3739fe844abd431df01236c55859a847df22de9e794c304366510b1860?s=96&d=mm&r=g\",\"caption\":\"PPGCEM\"}}]}<\/script>\n<!-- \/ Yoast SEO plugin. -->","yoast_head_json":{"title":"Relat\u00f3rio Semestral 2019\/1 &#8211; Programa de P\u00f3s-Gradua\u00e7\u00e3o em Ci\u00eancia e Engenharia de Materiais","robots":{"index":"noindex","follow":"follow"},"og_locale":"pt_BR","og_type":"article","og_title":"Relat\u00f3rio Semestral 2019\/1 &#8211; Programa de P\u00f3s-Gradua\u00e7\u00e3o em Ci\u00eancia e Engenharia de Materiais","og_description":"Prezados alunos, Est\u00e1 dispon\u00edvel o link para o preenchimento do Relat\u00f3rio Discente referente ao semestre 2019\/1: https:\/\/forms.gle\/bwzVKRJCLD94EREf8 O relat\u00f3rio online deve ser enviado pelos alunos at\u00e9 no m\u00e1ximo o dia 31 de julho de 2019 \u00e0s 23.59h. Aten\u00e7\u00e3o!!! Ap\u00f3s o envio do formul\u00e1rio, o Google Forms ir\u00e1 enviar uma c\u00f3pia das suas respostas para o [&hellip;]","og_url":"https:\/\/wp.ufpel.edu.br\/ppgcem\/pt\/2019\/07\/11\/relatorio-semestral-2019-1\/","og_site_name":"Programa de P\u00f3s-Gradua\u00e7\u00e3o em Ci\u00eancia e Engenharia de Materiais","article_published_time":"2019-07-11T20:12:27+00:00","author":"PPGCEM","twitter_card":"summary_large_image","twitter_misc":{"Escrito por":"PPGCEM","Est. tempo de leitura":"2 minutos"},"schema":{"@context":"https:\/\/schema.org","@graph":[{"@type":"Article","@id":"https:\/\/wp.ufpel.edu.br\/ppgcem\/pt\/2019\/07\/11\/relatorio-semestral-2019-1\/#article","isPartOf":{"@id":"https:\/\/wp.ufpel.edu.br\/ppgcem\/pt\/2019\/07\/11\/relatorio-semestral-2019-1\/"},"author":{"name":"PPGCEM","@id":"https:\/\/wp.ufpel.edu.br\/ppgcem\/pt\/#\/schema\/person\/59c8efca84fc9005be03d012e9bc9047"},"headline":"Relat\u00f3rio Semestral 2019\/1","datePublished":"2019-07-11T20:12:27+00:00","mainEntityOfPage":{"@id":"https:\/\/wp.ufpel.edu.br\/ppgcem\/pt\/2019\/07\/11\/relatorio-semestral-2019-1\/"},"wordCount":376,"articleSection":["Procedimentos"],"inLanguage":"pt-BR"},{"@type":"WebPage","@id":"https:\/\/wp.ufpel.edu.br\/ppgcem\/pt\/2019\/07\/11\/relatorio-semestral-2019-1\/","url":"https:\/\/wp.ufpel.edu.br\/ppgcem\/pt\/2019\/07\/11\/relatorio-semestral-2019-1\/","name":"Relat\u00f3rio Semestral 2019\/1 &#8211; Programa de P\u00f3s-Gradua\u00e7\u00e3o em Ci\u00eancia e Engenharia de Materiais","isPartOf":{"@id":"https:\/\/wp.ufpel.edu.br\/ppgcem\/pt\/#website"},"datePublished":"2019-07-11T20:12:27+00:00","author":{"@id":"https:\/\/wp.ufpel.edu.br\/ppgcem\/pt\/#\/schema\/person\/59c8efca84fc9005be03d012e9bc9047"},"breadcrumb":{"@id":"https:\/\/wp.ufpel.edu.br\/ppgcem\/pt\/2019\/07\/11\/relatorio-semestral-2019-1\/#breadcrumb"},"inLanguage":"pt-BR","potentialAction":[{"@type":"ReadAction","target":["https:\/\/wp.ufpel.edu.br\/ppgcem\/pt\/2019\/07\/11\/relatorio-semestral-2019-1\/"]}]},{"@type":"BreadcrumbList","@id":"https:\/\/wp.ufpel.edu.br\/ppgcem\/pt\/2019\/07\/11\/relatorio-semestral-2019-1\/#breadcrumb","itemListElement":[{"@type":"ListItem","position":1,"name":"In\u00edcio","item":"https:\/\/wp.ufpel.edu.br\/ppgcem\/pt\/"},{"@type":"ListItem","position":2,"name":"Relat\u00f3rio Semestral 2019\/1"}]},{"@type":"WebSite","@id":"https:\/\/wp.ufpel.edu.br\/ppgcem\/pt\/#website","url":"https:\/\/wp.ufpel.edu.br\/ppgcem\/pt\/","name":"Programa de P\u00f3s-Gradua\u00e7\u00e3o em Ci\u00eancia e Engenharia de Materiais","description":"","potentialAction":[{"@type":"SearchAction","target":{"@type":"EntryPoint","urlTemplate":"https:\/\/wp.ufpel.edu.br\/ppgcem\/pt\/?s={search_term_string}"},"query-input":{"@type":"PropertyValueSpecification","valueRequired":true,"valueName":"search_term_string"}}],"inLanguage":"pt-BR"},{"@type":"Person","@id":"https:\/\/wp.ufpel.edu.br\/ppgcem\/pt\/#\/schema\/person\/59c8efca84fc9005be03d012e9bc9047","name":"PPGCEM","image":{"@type":"ImageObject","inLanguage":"pt-BR","@id":"https:\/\/wp.ufpel.edu.br\/ppgcem\/pt\/#\/schema\/person\/image\/","url":"https:\/\/secure.gravatar.com\/avatar\/10369c3739fe844abd431df01236c55859a847df22de9e794c304366510b1860?s=96&d=mm&r=g","contentUrl":"https:\/\/secure.gravatar.com\/avatar\/10369c3739fe844abd431df01236c55859a847df22de9e794c304366510b1860?s=96&d=mm&r=g","caption":"PPGCEM"}}]}},"jetpack_publicize_connections":[],"jetpack_featured_media_url":"","jetpack_sharing_enabled":true,"jetpack_shortlink":"https:\/\/wp.me\/p8zk0j-Nd","_links":{"self":[{"href":"https:\/\/wp.ufpel.edu.br\/ppgcem\/wp-json\/wp\/v2\/posts\/3051","targetHints":{"allow":["GET"]}}],"collection":[{"href":"https:\/\/wp.ufpel.edu.br\/ppgcem\/wp-json\/wp\/v2\/posts"}],"about":[{"href":"https:\/\/wp.ufpel.edu.br\/ppgcem\/wp-json\/wp\/v2\/types\/post"}],"author":[{"embeddable":true,"href":"https:\/\/wp.ufpel.edu.br\/ppgcem\/wp-json\/wp\/v2\/users\/370"}],"replies":[{"embeddable":true,"href":"https:\/\/wp.ufpel.edu.br\/ppgcem\/wp-json\/wp\/v2\/comments?post=3051"}],"version-history":[{"count":1,"href":"https:\/\/wp.ufpel.edu.br\/ppgcem\/wp-json\/wp\/v2\/posts\/3051\/revisions"}],"predecessor-version":[{"id":3053,"href":"https:\/\/wp.ufpel.edu.br\/ppgcem\/wp-json\/wp\/v2\/posts\/3051\/revisions\/3053"}],"wp:attachment":[{"href":"https:\/\/wp.ufpel.edu.br\/ppgcem\/wp-json\/wp\/v2\/media?parent=3051"}],"wp:term":[{"taxonomy":"category","embeddable":true,"href":"https:\/\/wp.ufpel.edu.br\/ppgcem\/wp-json\/wp\/v2\/categories?post=3051"},{"taxonomy":"post_tag","embeddable":true,"href":"https:\/\/wp.ufpel.edu.br\/ppgcem\/wp-json\/wp\/v2\/tags?post=3051"}],"curies":[{"name":"wp","href":"https:\/\/api.w.org\/{rel}","templated":true}]}}