{"id":2992,"date":"2019-04-26T14:56:16","date_gmt":"2019-04-26T17:56:16","guid":{"rendered":"https:\/\/wp.ufpel.edu.br\/ppgcem\/?p=2992"},"modified":"2019-04-26T14:56:16","modified_gmt":"2019-04-26T17:56:16","slug":"2992","status":"publish","type":"post","link":"https:\/\/wp.ufpel.edu.br\/ppgcem\/2019\/04\/26\/2992\/","title":{"rendered":""},"content":{"rendered":"<p>No dia 25 de abril ocorreu a palestra &#8220;Engenheiro 4.0: mercado mundial&#8221; promovido pelo curso de gradua\u00e7\u00e3o em Eng. de Materiais e pela Empresa MDL Consulting.<\/p>\n<p>Os temas abordados na palestra foram: <span class=\"m_-7718124621457426038gmail-text_exposed_show\">Intelig\u00eancia Artificial, Ind\u00fastria 4.0, Internet das Coisas, BigData, entre outros.<br \/>\n<\/span><\/p>\n<p><a href=\"https:\/\/wp.ufpel.edu.br\/ppgcem\/files\/2019\/04\/IMG-20190425-WA0005.jpg\"><img class=\"size-medium wp-image-2994 aligncenter\" src=\"https:\/\/wp.ufpel.edu.br\/ppgcem\/files\/2019\/04\/IMG-20190425-WA0005-400x300.jpg\" alt=\"\" width=\"400\" height=\"300\" srcset=\"https:\/\/wp.ufpel.edu.br\/ppgcem\/files\/2019\/04\/IMG-20190425-WA0005-400x300.jpg 400w, https:\/\/wp.ufpel.edu.br\/ppgcem\/files\/2019\/04\/IMG-20190425-WA0005-768x576.jpg 768w, https:\/\/wp.ufpel.edu.br\/ppgcem\/files\/2019\/04\/IMG-20190425-WA0005-1024x768.jpg 1024w, https:\/\/wp.ufpel.edu.br\/ppgcem\/files\/2019\/04\/IMG-20190425-WA0005.jpg 1040w\" sizes=\"(max-width: 400px) 100vw, 400px\" \/><\/a><\/p>\n<p>O evento contou com grande participa\u00e7\u00e3o de alunos e professores da gradua\u00e7\u00e3o e p\u00f3s-gradua\u00e7\u00e3o. <a href=\"https:\/\/wp.ufpel.edu.br\/ppgcem\/files\/2019\/04\/IMG-20190425-WA0004.jpg\"><img class=\"size-medium wp-image-2995 aligncenter\" src=\"https:\/\/wp.ufpel.edu.br\/ppgcem\/files\/2019\/04\/IMG-20190425-WA0004-400x300.jpg\" alt=\"\" width=\"400\" height=\"300\" srcset=\"https:\/\/wp.ufpel.edu.br\/ppgcem\/files\/2019\/04\/IMG-20190425-WA0004-400x300.jpg 400w, https:\/\/wp.ufpel.edu.br\/ppgcem\/files\/2019\/04\/IMG-20190425-WA0004-768x576.jpg 768w, https:\/\/wp.ufpel.edu.br\/ppgcem\/files\/2019\/04\/IMG-20190425-WA0004-1024x768.jpg 1024w, https:\/\/wp.ufpel.edu.br\/ppgcem\/files\/2019\/04\/IMG-20190425-WA0004.jpg 1040w\" sizes=\"(max-width: 400px) 100vw, 400px\" \/><\/a><\/p>\n","protected":false},"excerpt":{"rendered":"<p>No dia 25 de abril ocorreu a palestra &#8220;Engenheiro 4.0: mercado mundial&#8221; promovido pelo curso de gradua\u00e7\u00e3o em Eng. de Materiais e pela Empresa MDL Consulting. Os temas abordados na palestra foram: Intelig\u00eancia Artificial, Ind\u00fastria 4.0, Internet das Coisas, BigData, entre outros. O evento contou com grande participa\u00e7\u00e3o de alunos e professores da gradua\u00e7\u00e3o e [&hellip;]<\/p>\n","protected":false},"author":370,"featured_media":0,"comment_status":"closed","ping_status":"closed","sticky":false,"template":"","format":"standard","meta":{"jetpack_post_was_ever_published":false,"_jetpack_newsletter_access":"","_jetpack_dont_email_post_to_subs":false,"_jetpack_newsletter_tier_id":0,"_jetpack_memberships_contains_paywalled_content":false,"_jetpack_memberships_contains_paid_content":false,"footnotes":"","jetpack_publicize_message":"","jetpack_publicize_feature_enabled":true,"jetpack_social_post_already_shared":true,"jetpack_social_options":{"image_generator_settings":{"template":"highway","default_image_id":0,"font":"","enabled":false},"version":2}},"categories":[84632,84559],"tags":[],"class_list":["post-2992","post","type-post","status-publish","format-standard","hentry","category-eventos","category-palestras"],"yoast_head":"<!-- This site is optimized with the Yoast SEO plugin v26.7 - https:\/\/yoast.com\/wordpress\/plugins\/seo\/ -->\n<title>&#8211; Programa de P\u00f3s-Gradua\u00e7\u00e3o em Ci\u00eancia e Engenharia de Materiais<\/title>\n<meta name=\"robots\" content=\"noindex, follow\" \/>\n<meta property=\"og:locale\" content=\"pt_BR\" \/>\n<meta property=\"og:type\" content=\"article\" \/>\n<meta property=\"og:title\" content=\"&#8211; Programa de P\u00f3s-Gradua\u00e7\u00e3o em Ci\u00eancia e Engenharia de Materiais\" \/>\n<meta property=\"og:description\" content=\"No dia 25 de abril ocorreu a palestra &#8220;Engenheiro 4.0: mercado mundial&#8221; promovido pelo curso de gradua\u00e7\u00e3o em Eng. de Materiais e pela Empresa MDL Consulting. Os temas abordados na palestra foram: Intelig\u00eancia Artificial, Ind\u00fastria 4.0, Internet das Coisas, BigData, entre outros. O evento contou com grande participa\u00e7\u00e3o de alunos e professores da gradua\u00e7\u00e3o e [&hellip;]\" \/>\n<meta property=\"og:url\" content=\"https:\/\/wp.ufpel.edu.br\/ppgcem\/pt\/2019\/04\/26\/2992\/\" \/>\n<meta property=\"og:site_name\" content=\"Programa de P\u00f3s-Gradua\u00e7\u00e3o em Ci\u00eancia e Engenharia de Materiais\" \/>\n<meta property=\"article:published_time\" content=\"2019-04-26T17:56:16+00:00\" \/>\n<meta property=\"og:image\" content=\"https:\/\/wp.ufpel.edu.br\/ppgcem\/files\/2019\/04\/IMG-20190425-WA0005-400x300.jpg\" \/>\n<meta name=\"author\" content=\"PPGCEM\" \/>\n<meta name=\"twitter:card\" content=\"summary_large_image\" \/>\n<meta name=\"twitter:label1\" content=\"Escrito por\" \/>\n\t<meta name=\"twitter:data1\" content=\"PPGCEM\" \/>\n<script type=\"application\/ld+json\" class=\"yoast-schema-graph\">{\"@context\":\"https:\/\/schema.org\",\"@graph\":[{\"@type\":\"Article\",\"@id\":\"https:\/\/wp.ufpel.edu.br\/ppgcem\/pt\/2019\/04\/26\/2992\/#article\",\"isPartOf\":{\"@id\":\"https:\/\/wp.ufpel.edu.br\/ppgcem\/pt\/2019\/04\/26\/2992\/\"},\"author\":{\"name\":\"PPGCEM\",\"@id\":\"https:\/\/wp.ufpel.edu.br\/ppgcem\/pt\/#\/schema\/person\/59c8efca84fc9005be03d012e9bc9047\"},\"headline\":\"Sem t\u00edtulo\",\"datePublished\":\"2019-04-26T17:56:16+00:00\",\"mainEntityOfPage\":{\"@id\":\"https:\/\/wp.ufpel.edu.br\/ppgcem\/pt\/2019\/04\/26\/2992\/\"},\"wordCount\":60,\"image\":{\"@id\":\"https:\/\/wp.ufpel.edu.br\/ppgcem\/pt\/2019\/04\/26\/2992\/#primaryimage\"},\"thumbnailUrl\":\"https:\/\/wp.ufpel.edu.br\/ppgcem\/files\/2019\/04\/IMG-20190425-WA0005-400x300.jpg\",\"articleSection\":[\"Eventos\",\"Palestras\"],\"inLanguage\":\"pt-BR\"},{\"@type\":\"WebPage\",\"@id\":\"https:\/\/wp.ufpel.edu.br\/ppgcem\/pt\/2019\/04\/26\/2992\/\",\"url\":\"https:\/\/wp.ufpel.edu.br\/ppgcem\/pt\/2019\/04\/26\/2992\/\",\"name\":\"&#8211; Programa de P\u00f3s-Gradua\u00e7\u00e3o em Ci\u00eancia e Engenharia de Materiais\",\"isPartOf\":{\"@id\":\"https:\/\/wp.ufpel.edu.br\/ppgcem\/pt\/#website\"},\"primaryImageOfPage\":{\"@id\":\"https:\/\/wp.ufpel.edu.br\/ppgcem\/pt\/2019\/04\/26\/2992\/#primaryimage\"},\"image\":{\"@id\":\"https:\/\/wp.ufpel.edu.br\/ppgcem\/pt\/2019\/04\/26\/2992\/#primaryimage\"},\"thumbnailUrl\":\"https:\/\/wp.ufpel.edu.br\/ppgcem\/files\/2019\/04\/IMG-20190425-WA0005-400x300.jpg\",\"datePublished\":\"2019-04-26T17:56:16+00:00\",\"author\":{\"@id\":\"https:\/\/wp.ufpel.edu.br\/ppgcem\/pt\/#\/schema\/person\/59c8efca84fc9005be03d012e9bc9047\"},\"inLanguage\":\"pt-BR\",\"potentialAction\":[{\"@type\":\"ReadAction\",\"target\":[\"https:\/\/wp.ufpel.edu.br\/ppgcem\/pt\/2019\/04\/26\/2992\/\"]}]},{\"@type\":\"ImageObject\",\"inLanguage\":\"pt-BR\",\"@id\":\"https:\/\/wp.ufpel.edu.br\/ppgcem\/pt\/2019\/04\/26\/2992\/#primaryimage\",\"url\":\"https:\/\/wp.ufpel.edu.br\/ppgcem\/files\/2019\/04\/IMG-20190425-WA0005.jpg\",\"contentUrl\":\"https:\/\/wp.ufpel.edu.br\/ppgcem\/files\/2019\/04\/IMG-20190425-WA0005.jpg\",\"width\":1040,\"height\":780},{\"@type\":\"WebSite\",\"@id\":\"https:\/\/wp.ufpel.edu.br\/ppgcem\/pt\/#website\",\"url\":\"https:\/\/wp.ufpel.edu.br\/ppgcem\/pt\/\",\"name\":\"Programa de P\u00f3s-Gradua\u00e7\u00e3o em Ci\u00eancia e Engenharia de Materiais\",\"description\":\"\",\"potentialAction\":[{\"@type\":\"SearchAction\",\"target\":{\"@type\":\"EntryPoint\",\"urlTemplate\":\"https:\/\/wp.ufpel.edu.br\/ppgcem\/pt\/?s={search_term_string}\"},\"query-input\":{\"@type\":\"PropertyValueSpecification\",\"valueRequired\":true,\"valueName\":\"search_term_string\"}}],\"inLanguage\":\"pt-BR\"},{\"@type\":\"Person\",\"@id\":\"https:\/\/wp.ufpel.edu.br\/ppgcem\/pt\/#\/schema\/person\/59c8efca84fc9005be03d012e9bc9047\",\"name\":\"PPGCEM\",\"image\":{\"@type\":\"ImageObject\",\"inLanguage\":\"pt-BR\",\"@id\":\"https:\/\/wp.ufpel.edu.br\/ppgcem\/pt\/#\/schema\/person\/image\/\",\"url\":\"https:\/\/secure.gravatar.com\/avatar\/10369c3739fe844abd431df01236c55859a847df22de9e794c304366510b1860?s=96&d=mm&r=g\",\"contentUrl\":\"https:\/\/secure.gravatar.com\/avatar\/10369c3739fe844abd431df01236c55859a847df22de9e794c304366510b1860?s=96&d=mm&r=g\",\"caption\":\"PPGCEM\"}}]}<\/script>\n<!-- \/ Yoast SEO plugin. -->","yoast_head_json":{"title":"&#8211; Programa de P\u00f3s-Gradua\u00e7\u00e3o em Ci\u00eancia e Engenharia de Materiais","robots":{"index":"noindex","follow":"follow"},"og_locale":"pt_BR","og_type":"article","og_title":"&#8211; Programa de P\u00f3s-Gradua\u00e7\u00e3o em Ci\u00eancia e Engenharia de Materiais","og_description":"No dia 25 de abril ocorreu a palestra &#8220;Engenheiro 4.0: mercado mundial&#8221; promovido pelo curso de gradua\u00e7\u00e3o em Eng. de Materiais e pela Empresa MDL Consulting. Os temas abordados na palestra foram: Intelig\u00eancia Artificial, Ind\u00fastria 4.0, Internet das Coisas, BigData, entre outros. O evento contou com grande participa\u00e7\u00e3o de alunos e professores da gradua\u00e7\u00e3o e [&hellip;]","og_url":"https:\/\/wp.ufpel.edu.br\/ppgcem\/pt\/2019\/04\/26\/2992\/","og_site_name":"Programa de P\u00f3s-Gradua\u00e7\u00e3o em Ci\u00eancia e Engenharia de Materiais","article_published_time":"2019-04-26T17:56:16+00:00","og_image":[{"url":"https:\/\/wp.ufpel.edu.br\/ppgcem\/files\/2019\/04\/IMG-20190425-WA0005-400x300.jpg","type":"","width":"","height":""}],"author":"PPGCEM","twitter_card":"summary_large_image","twitter_misc":{"Escrito por":"PPGCEM"},"schema":{"@context":"https:\/\/schema.org","@graph":[{"@type":"Article","@id":"https:\/\/wp.ufpel.edu.br\/ppgcem\/pt\/2019\/04\/26\/2992\/#article","isPartOf":{"@id":"https:\/\/wp.ufpel.edu.br\/ppgcem\/pt\/2019\/04\/26\/2992\/"},"author":{"name":"PPGCEM","@id":"https:\/\/wp.ufpel.edu.br\/ppgcem\/pt\/#\/schema\/person\/59c8efca84fc9005be03d012e9bc9047"},"headline":"Sem t\u00edtulo","datePublished":"2019-04-26T17:56:16+00:00","mainEntityOfPage":{"@id":"https:\/\/wp.ufpel.edu.br\/ppgcem\/pt\/2019\/04\/26\/2992\/"},"wordCount":60,"image":{"@id":"https:\/\/wp.ufpel.edu.br\/ppgcem\/pt\/2019\/04\/26\/2992\/#primaryimage"},"thumbnailUrl":"https:\/\/wp.ufpel.edu.br\/ppgcem\/files\/2019\/04\/IMG-20190425-WA0005-400x300.jpg","articleSection":["Eventos","Palestras"],"inLanguage":"pt-BR"},{"@type":"WebPage","@id":"https:\/\/wp.ufpel.edu.br\/ppgcem\/pt\/2019\/04\/26\/2992\/","url":"https:\/\/wp.ufpel.edu.br\/ppgcem\/pt\/2019\/04\/26\/2992\/","name":"&#8211; Programa de P\u00f3s-Gradua\u00e7\u00e3o em Ci\u00eancia e Engenharia de Materiais","isPartOf":{"@id":"https:\/\/wp.ufpel.edu.br\/ppgcem\/pt\/#website"},"primaryImageOfPage":{"@id":"https:\/\/wp.ufpel.edu.br\/ppgcem\/pt\/2019\/04\/26\/2992\/#primaryimage"},"image":{"@id":"https:\/\/wp.ufpel.edu.br\/ppgcem\/pt\/2019\/04\/26\/2992\/#primaryimage"},"thumbnailUrl":"https:\/\/wp.ufpel.edu.br\/ppgcem\/files\/2019\/04\/IMG-20190425-WA0005-400x300.jpg","datePublished":"2019-04-26T17:56:16+00:00","author":{"@id":"https:\/\/wp.ufpel.edu.br\/ppgcem\/pt\/#\/schema\/person\/59c8efca84fc9005be03d012e9bc9047"},"inLanguage":"pt-BR","potentialAction":[{"@type":"ReadAction","target":["https:\/\/wp.ufpel.edu.br\/ppgcem\/pt\/2019\/04\/26\/2992\/"]}]},{"@type":"ImageObject","inLanguage":"pt-BR","@id":"https:\/\/wp.ufpel.edu.br\/ppgcem\/pt\/2019\/04\/26\/2992\/#primaryimage","url":"https:\/\/wp.ufpel.edu.br\/ppgcem\/files\/2019\/04\/IMG-20190425-WA0005.jpg","contentUrl":"https:\/\/wp.ufpel.edu.br\/ppgcem\/files\/2019\/04\/IMG-20190425-WA0005.jpg","width":1040,"height":780},{"@type":"WebSite","@id":"https:\/\/wp.ufpel.edu.br\/ppgcem\/pt\/#website","url":"https:\/\/wp.ufpel.edu.br\/ppgcem\/pt\/","name":"Programa de P\u00f3s-Gradua\u00e7\u00e3o em Ci\u00eancia e Engenharia de Materiais","description":"","potentialAction":[{"@type":"SearchAction","target":{"@type":"EntryPoint","urlTemplate":"https:\/\/wp.ufpel.edu.br\/ppgcem\/pt\/?s={search_term_string}"},"query-input":{"@type":"PropertyValueSpecification","valueRequired":true,"valueName":"search_term_string"}}],"inLanguage":"pt-BR"},{"@type":"Person","@id":"https:\/\/wp.ufpel.edu.br\/ppgcem\/pt\/#\/schema\/person\/59c8efca84fc9005be03d012e9bc9047","name":"PPGCEM","image":{"@type":"ImageObject","inLanguage":"pt-BR","@id":"https:\/\/wp.ufpel.edu.br\/ppgcem\/pt\/#\/schema\/person\/image\/","url":"https:\/\/secure.gravatar.com\/avatar\/10369c3739fe844abd431df01236c55859a847df22de9e794c304366510b1860?s=96&d=mm&r=g","contentUrl":"https:\/\/secure.gravatar.com\/avatar\/10369c3739fe844abd431df01236c55859a847df22de9e794c304366510b1860?s=96&d=mm&r=g","caption":"PPGCEM"}}]}},"jetpack_publicize_connections":[],"jetpack_featured_media_url":"","jetpack_sharing_enabled":true,"jetpack_shortlink":"https:\/\/wp.me\/s8zk0j-2992","_links":{"self":[{"href":"https:\/\/wp.ufpel.edu.br\/ppgcem\/wp-json\/wp\/v2\/posts\/2992","targetHints":{"allow":["GET"]}}],"collection":[{"href":"https:\/\/wp.ufpel.edu.br\/ppgcem\/wp-json\/wp\/v2\/posts"}],"about":[{"href":"https:\/\/wp.ufpel.edu.br\/ppgcem\/wp-json\/wp\/v2\/types\/post"}],"author":[{"embeddable":true,"href":"https:\/\/wp.ufpel.edu.br\/ppgcem\/wp-json\/wp\/v2\/users\/370"}],"replies":[{"embeddable":true,"href":"https:\/\/wp.ufpel.edu.br\/ppgcem\/wp-json\/wp\/v2\/comments?post=2992"}],"version-history":[{"count":1,"href":"https:\/\/wp.ufpel.edu.br\/ppgcem\/wp-json\/wp\/v2\/posts\/2992\/revisions"}],"predecessor-version":[{"id":2996,"href":"https:\/\/wp.ufpel.edu.br\/ppgcem\/wp-json\/wp\/v2\/posts\/2992\/revisions\/2996"}],"wp:attachment":[{"href":"https:\/\/wp.ufpel.edu.br\/ppgcem\/wp-json\/wp\/v2\/media?parent=2992"}],"wp:term":[{"taxonomy":"category","embeddable":true,"href":"https:\/\/wp.ufpel.edu.br\/ppgcem\/wp-json\/wp\/v2\/categories?post=2992"},{"taxonomy":"post_tag","embeddable":true,"href":"https:\/\/wp.ufpel.edu.br\/ppgcem\/wp-json\/wp\/v2\/tags?post=2992"}],"curies":[{"name":"wp","href":"https:\/\/api.w.org\/{rel}","templated":true}]}}