{"id":2642,"date":"2018-08-17T19:27:07","date_gmt":"2018-08-17T22:27:07","guid":{"rendered":"https:\/\/wp.ufpel.edu.br\/ppgcem\/?p=2642"},"modified":"2018-08-17T19:43:10","modified_gmt":"2018-08-17T22:43:10","slug":"ofertas-e-matriculas-2018-2","status":"publish","type":"post","link":"https:\/\/wp.ufpel.edu.br\/ppgcem\/2018\/08\/17\/ofertas-e-matriculas-2018-2\/","title":{"rendered":"OFERTAS E MATR\u00cdCULAS 2018\/2 (ATUALIZADO!)"},"content":{"rendered":"<p>O PPGCEM divulga os <strong>hor\u00e1rios das disciplinas<\/strong> e informa os procedimentos para matr\u00edcula\/rematr\u00edcula no segundo semestre do ano de 2018. Aten\u00e7\u00e3o aos procedimentos e datas estabelecidas para cada categoria discente (!):<\/p>\n<p>\u2013 Os <strong>alunos regulares do PPGCEM que s\u00e3o INGRESSANTES em 2018\/2 <\/strong>\u00a0devem preencher o\u00a0<a href=\"https:\/\/wp.ufpel.edu.br\/ppgcem\/files\/2014\/10\/Formul%C3%A1rio-2-Matr%C3%ADcula.doc\">Formul\u00e1rio de Matr\u00edcula<\/a>, assinar e recolher a assinatura do orientador e submet\u00ea-lo por e-mail junto aos scans do RG, CPF, Certid\u00e3o de Nascimento ou Casamento, Diploma de Gradua\u00e7\u00e3o (frente e verso), Diploma de Mestrado (frente e verso), Hist\u00f3rico Escolar, todos em formato PDF, para o e-mail ppgcem.ufpel@gmail.com com o assunto \u201cMATR\u00cdCULA INGRESSANTE 2018\/2\u201d, <strong>at\u00e9 as 18:00h do dia 28 de agosto de 2018.<\/strong> Importante: \u00c9 necess\u00e1rio que o formul\u00e1rio j\u00e1 esteja assinado pelo aluno e pelo orientador.<\/p>\n<p>\u2013 Os <strong>alunos regulares do PPGCEM<\/strong> devem preencher o\u00a0<a href=\"https:\/\/wp.ufpel.edu.br\/ppgcem\/files\/2014\/10\/Formul%C3%A1rio-2-Matr%C3%ADcula.doc\">Formul\u00e1rio de Matr\u00edcula<\/a> e submet\u00ea-lo em formato PDF para o e-mail ppgcem.ufpel@gmail.com com o assunto \u201cREMATR\u00cdCULA 2018\/2\u201d, nos dias 20 e 21 de agosto de 2018.<\/p>\n<p>\u2013 Os<strong> alunos regulares de outros programas de P\u00f3s-Gradua\u00e7\u00e3o da UFPEL<\/strong> devem comparecer \u00e0 Secretaria do PPGCEM nos dias 20 e 21 de agosto de 2018 (das 14h \u2013 20h), junto com uma carta do professor orientador ou do coordenador do PPG solicitando a matr\u00edcula na disciplina desejada. \u00c9 necess\u00e1rio que nesta carta conste o c\u00f3digo do curso para o qual a disciplina dever\u00e1 ser disponibilizada.<\/p>\n<p>\u2013 Os <strong>alunos especiais selecionados (a publica\u00e7\u00e3o dos resultados do edital ocorrer\u00e1 no dia 22\/08)<\/strong> devem preencher o\u00a0<a href=\"https:\/\/wp.ufpel.edu.br\/ppgcem\/files\/2014\/10\/Formul%C3%A1rio-2-Matr%C3%ADcula.doc\">Formul\u00e1rio de Matr\u00edcula<\/a> e submet\u00ea-lo por e-mail junto aos scans do RG, CPF, Certid\u00e3o de Nascimento ou Casamento, Diploma de Gradua\u00e7\u00e3o (frente e verso), Diploma de Mestrado (frente e verso), Hist\u00f3rico Escolar, todos em formato PDF, com o assunto \u201cMATR\u00cdCULA ESPECIAL 2018\/02\u201d, at\u00e9 as 18:00h do dia 28 de agosto de 2018. \u00c9 necess\u00e1rio que o formul\u00e1rio esteja assinado apenas pelo aluno, pois alunos especiais n\u00e3o possuem orientador.<\/p>\n<p>As aulas ter\u00e3o in\u00edcio no dia 29 de agosto de 2018.<\/p>\n<p>Grade de disciplinas ofertadas em 2018\/2 para ALUNOS REGULARES:<\/p>\n<table style=\"width: 660px;height: 430px\" width=\"665\">\n<tbody>\n<tr style=\"height: 24px\">\n<td style=\"width: 224px;height: 24px\" width=\"230\">Disciplina<\/td>\n<td style=\"width: 171px;height: 24px\" width=\"176\">Dia da semana<\/td>\n<td style=\"width: 169px;height: 24px\" width=\"162\">Hor\u00e1rio<\/td>\n<td style=\"width: 96px;height: 24px\" width=\"97\">Local<\/td>\n<\/tr>\n<tr style=\"height: 48px\">\n<td style=\"width: 224px;height: 48px\">CM I \u2013 Ci\u00eancia dos Materiais I (4cr)<\/td>\n<td style=\"width: 171px;height: 48px\">Quartas-feiras<\/td>\n<td style=\"width: 169px;height: 48px\">08h \u00e0s 12h<\/td>\n<td style=\"width: 96px;height: 48px\">Sala 214 do Anglo<\/td>\n<\/tr>\n<tr style=\"height: 72px\">\n<td style=\"width: 224px;height: 72px\" width=\"230\">RTCT \u2013 Reda\u00e7\u00e3o de Textos Cient\u00edficos e Tecnol\u00f3gicos (2cr)<\/td>\n<td style=\"width: 171px;height: 72px\">Ter\u00e7as-feiras<\/td>\n<td style=\"width: 169px;height: 72px\">10h \u00e0s 11.40h<\/td>\n<td style=\"width: 96px;height: 72px\">Sala 250 do Anglo<\/td>\n<\/tr>\n<tr style=\"height: 48px\">\n<td style=\"width: 224px;height: 48px\">DO \u2013 Doc\u00eancia orientada (M:2cr, D:4cr)<\/td>\n<td style=\"width: 171px;height: 48px\" width=\"176\">N\u00e3o h\u00e1 hor\u00e1rio fixo para esta disciplina<\/td>\n<td style=\"width: 169px;height: 48px\" width=\"162\">N\u00e3o h\u00e1 hor\u00e1rio fixo para esta disciplina<\/td>\n<td style=\"width: 96px;height: 48px\">&#8211;<\/td>\n<\/tr>\n<tr style=\"height: 48px\">\n<td style=\"width: 224px;height: 48px\">SEM \u2013 Semin\u00e1rios (4cr)<\/td>\n<td style=\"width: 171px;height: 48px\" width=\"176\">Segundas e sextas (preferencialmente)<\/td>\n<td style=\"width: 169px;height: 48px\" width=\"162\">Das 13.30h \u00e0s 16.50h (preferencialmente)<\/td>\n<td style=\"width: 96px;height: 48px\">Anglo<\/td>\n<\/tr>\n<tr style=\"height: 72px\">\n<td style=\"width: 224px;height: 72px\" width=\"230\">TACM I \u2013 T\u00e9cnicas Anal\u00edticas de Caracteriza\u00e7\u00e3o de Materiais I (2cr)<\/td>\n<td style=\"width: 171px;height: 72px\">Segundas-feiras<\/td>\n<td style=\"width: 169px;height: 72px\">10h \u00e0s 11.40h<\/td>\n<td style=\"width: 96px;height: 72px\">Sala 214 do Anglo<\/td>\n<\/tr>\n<tr style=\"height: 24px\">\n<td style=\"width: 224px;height: 24px\" width=\"230\">\n<p>Nanotecnologia (2cr)<\/p>\n<p>POSSUI PR\u00c9-REQUISITO! CI\u00caNCIA DOS MATERIAIS I<\/td>\n<td style=\"width: 171px;height: 24px\">Quintas-feiras<\/td>\n<td style=\"width: 169px;height: 24px\">10h \u00e0s 11.40h<\/td>\n<td style=\"width: 96px;height: 24px\">Sala 250 do Anglo<\/td>\n<\/tr>\n<tr style=\"height: 72px\">\n<td style=\"width: 224px;height: 72px\">Patologia da Madeira<\/td>\n<td style=\"width: 171px;height: 72px\">Quartas-feiras<\/td>\n<td style=\"width: 169px;height: 72px\">14.20h \u00e0s 16h<\/td>\n<td style=\"width: 96px;height: 72px\" width=\"97\">Pr\u00e9dio da Eng. Madeireira<\/td>\n<\/tr>\n<tr style=\"height: 10px\">\n<td style=\"width: 224px;height: 10px\"><\/td>\n<td style=\"width: 171px;height: 10px\"><\/td>\n<td style=\"width: 169px;height: 10px\"><\/td>\n<td style=\"width: 96px;height: 10px\"><\/td>\n<\/tr>\n<tr style=\"height: 12px\">\n<td style=\"width: 224px;height: 12px\"><\/td>\n<td style=\"width: 171px;height: 12px\"><\/td>\n<td style=\"width: 169px;height: 12px\"><\/td>\n<td style=\"width: 96px;height: 12px\" width=\"97\"><\/td>\n<\/tr>\n<\/tbody>\n<\/table>\n<p>&nbsp;<\/p>\n","protected":false},"excerpt":{"rendered":"<p>O PPGCEM divulga os hor\u00e1rios das disciplinas e informa os procedimentos para matr\u00edcula\/rematr\u00edcula no segundo semestre do ano de 2018. Aten\u00e7\u00e3o aos procedimentos e datas estabelecidas para cada categoria discente (!): \u2013 Os alunos regulares do PPGCEM que s\u00e3o INGRESSANTES em 2018\/2 \u00a0devem preencher o\u00a0Formul\u00e1rio de Matr\u00edcula, assinar e recolher a assinatura do orientador e [&hellip;]<\/p>\n","protected":false},"author":370,"featured_media":0,"comment_status":"closed","ping_status":"closed","sticky":false,"template":"","format":"standard","meta":{"jetpack_post_was_ever_published":false,"_jetpack_newsletter_access":"","_jetpack_dont_email_post_to_subs":false,"_jetpack_newsletter_tier_id":0,"_jetpack_memberships_contains_paywalled_content":false,"_jetpack_memberships_contains_paid_content":false,"footnotes":"","jetpack_publicize_message":"","jetpack_publicize_feature_enabled":true,"jetpack_social_post_already_shared":true,"jetpack_social_options":{"image_generator_settings":{"template":"highway","default_image_id":0,"font":"","enabled":false},"version":2}},"categories":[84558,84624],"tags":[],"class_list":["post-2642","post","type-post","status-publish","format-standard","hentry","category-disciplinas","category-procedimentos"],"yoast_head":"<!-- This site is optimized with the Yoast SEO plugin v26.7 - https:\/\/yoast.com\/wordpress\/plugins\/seo\/ -->\n<title>OFERTAS E MATR\u00cdCULAS 2018\/2 (ATUALIZADO!) &#8211; Programa de P\u00f3s-Gradua\u00e7\u00e3o em Ci\u00eancia e Engenharia de Materiais<\/title>\n<meta name=\"robots\" content=\"noindex, follow\" \/>\n<meta property=\"og:locale\" content=\"pt_BR\" \/>\n<meta property=\"og:type\" content=\"article\" \/>\n<meta property=\"og:title\" content=\"OFERTAS E MATR\u00cdCULAS 2018\/2 (ATUALIZADO!) &#8211; Programa de P\u00f3s-Gradua\u00e7\u00e3o em Ci\u00eancia e Engenharia de Materiais\" \/>\n<meta property=\"og:description\" content=\"O PPGCEM divulga os hor\u00e1rios das disciplinas e informa os procedimentos para matr\u00edcula\/rematr\u00edcula no segundo semestre do ano de 2018. Aten\u00e7\u00e3o aos procedimentos e datas estabelecidas para cada categoria discente (!): \u2013 Os alunos regulares do PPGCEM que s\u00e3o INGRESSANTES em 2018\/2 \u00a0devem preencher o\u00a0Formul\u00e1rio de Matr\u00edcula, assinar e recolher a assinatura do orientador e [&hellip;]\" \/>\n<meta property=\"og:url\" content=\"https:\/\/wp.ufpel.edu.br\/ppgcem\/pt\/2018\/08\/17\/ofertas-e-matriculas-2018-2\/\" \/>\n<meta property=\"og:site_name\" content=\"Programa de P\u00f3s-Gradua\u00e7\u00e3o em Ci\u00eancia e Engenharia de Materiais\" \/>\n<meta property=\"article:published_time\" content=\"2018-08-17T22:27:07+00:00\" \/>\n<meta property=\"article:modified_time\" content=\"2018-08-17T22:43:10+00:00\" \/>\n<meta name=\"author\" content=\"PPGCEM\" \/>\n<meta name=\"twitter:card\" content=\"summary_large_image\" \/>\n<meta name=\"twitter:label1\" content=\"Escrito por\" \/>\n\t<meta name=\"twitter:data1\" content=\"PPGCEM\" \/>\n\t<meta name=\"twitter:label2\" content=\"Est. tempo de leitura\" \/>\n\t<meta name=\"twitter:data2\" content=\"2 minutos\" \/>\n<script type=\"application\/ld+json\" class=\"yoast-schema-graph\">{\"@context\":\"https:\/\/schema.org\",\"@graph\":[{\"@type\":\"Article\",\"@id\":\"https:\/\/wp.ufpel.edu.br\/ppgcem\/pt\/2018\/08\/17\/ofertas-e-matriculas-2018-2\/#article\",\"isPartOf\":{\"@id\":\"https:\/\/wp.ufpel.edu.br\/ppgcem\/pt\/2018\/08\/17\/ofertas-e-matriculas-2018-2\/\"},\"author\":{\"name\":\"PPGCEM\",\"@id\":\"https:\/\/wp.ufpel.edu.br\/ppgcem\/pt\/#\/schema\/person\/59c8efca84fc9005be03d012e9bc9047\"},\"headline\":\"OFERTAS E MATR\u00cdCULAS 2018\/2 (ATUALIZADO!)\",\"datePublished\":\"2018-08-17T22:27:07+00:00\",\"dateModified\":\"2018-08-17T22:43:10+00:00\",\"mainEntityOfPage\":{\"@id\":\"https:\/\/wp.ufpel.edu.br\/ppgcem\/pt\/2018\/08\/17\/ofertas-e-matriculas-2018-2\/\"},\"wordCount\":480,\"articleSection\":[\"Disciplinas\",\"Procedimentos\"],\"inLanguage\":\"pt-BR\"},{\"@type\":\"WebPage\",\"@id\":\"https:\/\/wp.ufpel.edu.br\/ppgcem\/pt\/2018\/08\/17\/ofertas-e-matriculas-2018-2\/\",\"url\":\"https:\/\/wp.ufpel.edu.br\/ppgcem\/pt\/2018\/08\/17\/ofertas-e-matriculas-2018-2\/\",\"name\":\"OFERTAS E MATR\u00cdCULAS 2018\/2 (ATUALIZADO!) &#8211; Programa de P\u00f3s-Gradua\u00e7\u00e3o em Ci\u00eancia e Engenharia de Materiais\",\"isPartOf\":{\"@id\":\"https:\/\/wp.ufpel.edu.br\/ppgcem\/pt\/#website\"},\"datePublished\":\"2018-08-17T22:27:07+00:00\",\"dateModified\":\"2018-08-17T22:43:10+00:00\",\"author\":{\"@id\":\"https:\/\/wp.ufpel.edu.br\/ppgcem\/pt\/#\/schema\/person\/59c8efca84fc9005be03d012e9bc9047\"},\"breadcrumb\":{\"@id\":\"https:\/\/wp.ufpel.edu.br\/ppgcem\/pt\/2018\/08\/17\/ofertas-e-matriculas-2018-2\/#breadcrumb\"},\"inLanguage\":\"pt-BR\",\"potentialAction\":[{\"@type\":\"ReadAction\",\"target\":[\"https:\/\/wp.ufpel.edu.br\/ppgcem\/pt\/2018\/08\/17\/ofertas-e-matriculas-2018-2\/\"]}]},{\"@type\":\"BreadcrumbList\",\"@id\":\"https:\/\/wp.ufpel.edu.br\/ppgcem\/pt\/2018\/08\/17\/ofertas-e-matriculas-2018-2\/#breadcrumb\",\"itemListElement\":[{\"@type\":\"ListItem\",\"position\":1,\"name\":\"In\u00edcio\",\"item\":\"https:\/\/wp.ufpel.edu.br\/ppgcem\/pt\/\"},{\"@type\":\"ListItem\",\"position\":2,\"name\":\"OFERTAS E MATR\u00cdCULAS 2018\/2 (ATUALIZADO!)\"}]},{\"@type\":\"WebSite\",\"@id\":\"https:\/\/wp.ufpel.edu.br\/ppgcem\/pt\/#website\",\"url\":\"https:\/\/wp.ufpel.edu.br\/ppgcem\/pt\/\",\"name\":\"Programa de P\u00f3s-Gradua\u00e7\u00e3o em Ci\u00eancia e Engenharia de Materiais\",\"description\":\"\",\"potentialAction\":[{\"@type\":\"SearchAction\",\"target\":{\"@type\":\"EntryPoint\",\"urlTemplate\":\"https:\/\/wp.ufpel.edu.br\/ppgcem\/pt\/?s={search_term_string}\"},\"query-input\":{\"@type\":\"PropertyValueSpecification\",\"valueRequired\":true,\"valueName\":\"search_term_string\"}}],\"inLanguage\":\"pt-BR\"},{\"@type\":\"Person\",\"@id\":\"https:\/\/wp.ufpel.edu.br\/ppgcem\/pt\/#\/schema\/person\/59c8efca84fc9005be03d012e9bc9047\",\"name\":\"PPGCEM\",\"image\":{\"@type\":\"ImageObject\",\"inLanguage\":\"pt-BR\",\"@id\":\"https:\/\/wp.ufpel.edu.br\/ppgcem\/pt\/#\/schema\/person\/image\/\",\"url\":\"https:\/\/secure.gravatar.com\/avatar\/10369c3739fe844abd431df01236c55859a847df22de9e794c304366510b1860?s=96&d=mm&r=g\",\"contentUrl\":\"https:\/\/secure.gravatar.com\/avatar\/10369c3739fe844abd431df01236c55859a847df22de9e794c304366510b1860?s=96&d=mm&r=g\",\"caption\":\"PPGCEM\"}}]}<\/script>\n<!-- \/ Yoast SEO plugin. -->","yoast_head_json":{"title":"OFERTAS E MATR\u00cdCULAS 2018\/2 (ATUALIZADO!) &#8211; Programa de P\u00f3s-Gradua\u00e7\u00e3o em Ci\u00eancia e Engenharia de Materiais","robots":{"index":"noindex","follow":"follow"},"og_locale":"pt_BR","og_type":"article","og_title":"OFERTAS E MATR\u00cdCULAS 2018\/2 (ATUALIZADO!) &#8211; Programa de P\u00f3s-Gradua\u00e7\u00e3o em Ci\u00eancia e Engenharia de Materiais","og_description":"O PPGCEM divulga os hor\u00e1rios das disciplinas e informa os procedimentos para matr\u00edcula\/rematr\u00edcula no segundo semestre do ano de 2018. Aten\u00e7\u00e3o aos procedimentos e datas estabelecidas para cada categoria discente (!): \u2013 Os alunos regulares do PPGCEM que s\u00e3o INGRESSANTES em 2018\/2 \u00a0devem preencher o\u00a0Formul\u00e1rio de Matr\u00edcula, assinar e recolher a assinatura do orientador e [&hellip;]","og_url":"https:\/\/wp.ufpel.edu.br\/ppgcem\/pt\/2018\/08\/17\/ofertas-e-matriculas-2018-2\/","og_site_name":"Programa de P\u00f3s-Gradua\u00e7\u00e3o em Ci\u00eancia e Engenharia de Materiais","article_published_time":"2018-08-17T22:27:07+00:00","article_modified_time":"2018-08-17T22:43:10+00:00","author":"PPGCEM","twitter_card":"summary_large_image","twitter_misc":{"Escrito por":"PPGCEM","Est. tempo de leitura":"2 minutos"},"schema":{"@context":"https:\/\/schema.org","@graph":[{"@type":"Article","@id":"https:\/\/wp.ufpel.edu.br\/ppgcem\/pt\/2018\/08\/17\/ofertas-e-matriculas-2018-2\/#article","isPartOf":{"@id":"https:\/\/wp.ufpel.edu.br\/ppgcem\/pt\/2018\/08\/17\/ofertas-e-matriculas-2018-2\/"},"author":{"name":"PPGCEM","@id":"https:\/\/wp.ufpel.edu.br\/ppgcem\/pt\/#\/schema\/person\/59c8efca84fc9005be03d012e9bc9047"},"headline":"OFERTAS E MATR\u00cdCULAS 2018\/2 (ATUALIZADO!)","datePublished":"2018-08-17T22:27:07+00:00","dateModified":"2018-08-17T22:43:10+00:00","mainEntityOfPage":{"@id":"https:\/\/wp.ufpel.edu.br\/ppgcem\/pt\/2018\/08\/17\/ofertas-e-matriculas-2018-2\/"},"wordCount":480,"articleSection":["Disciplinas","Procedimentos"],"inLanguage":"pt-BR"},{"@type":"WebPage","@id":"https:\/\/wp.ufpel.edu.br\/ppgcem\/pt\/2018\/08\/17\/ofertas-e-matriculas-2018-2\/","url":"https:\/\/wp.ufpel.edu.br\/ppgcem\/pt\/2018\/08\/17\/ofertas-e-matriculas-2018-2\/","name":"OFERTAS E MATR\u00cdCULAS 2018\/2 (ATUALIZADO!) &#8211; Programa de P\u00f3s-Gradua\u00e7\u00e3o em Ci\u00eancia e Engenharia de Materiais","isPartOf":{"@id":"https:\/\/wp.ufpel.edu.br\/ppgcem\/pt\/#website"},"datePublished":"2018-08-17T22:27:07+00:00","dateModified":"2018-08-17T22:43:10+00:00","author":{"@id":"https:\/\/wp.ufpel.edu.br\/ppgcem\/pt\/#\/schema\/person\/59c8efca84fc9005be03d012e9bc9047"},"breadcrumb":{"@id":"https:\/\/wp.ufpel.edu.br\/ppgcem\/pt\/2018\/08\/17\/ofertas-e-matriculas-2018-2\/#breadcrumb"},"inLanguage":"pt-BR","potentialAction":[{"@type":"ReadAction","target":["https:\/\/wp.ufpel.edu.br\/ppgcem\/pt\/2018\/08\/17\/ofertas-e-matriculas-2018-2\/"]}]},{"@type":"BreadcrumbList","@id":"https:\/\/wp.ufpel.edu.br\/ppgcem\/pt\/2018\/08\/17\/ofertas-e-matriculas-2018-2\/#breadcrumb","itemListElement":[{"@type":"ListItem","position":1,"name":"In\u00edcio","item":"https:\/\/wp.ufpel.edu.br\/ppgcem\/pt\/"},{"@type":"ListItem","position":2,"name":"OFERTAS E MATR\u00cdCULAS 2018\/2 (ATUALIZADO!)"}]},{"@type":"WebSite","@id":"https:\/\/wp.ufpel.edu.br\/ppgcem\/pt\/#website","url":"https:\/\/wp.ufpel.edu.br\/ppgcem\/pt\/","name":"Programa de P\u00f3s-Gradua\u00e7\u00e3o em Ci\u00eancia e Engenharia de Materiais","description":"","potentialAction":[{"@type":"SearchAction","target":{"@type":"EntryPoint","urlTemplate":"https:\/\/wp.ufpel.edu.br\/ppgcem\/pt\/?s={search_term_string}"},"query-input":{"@type":"PropertyValueSpecification","valueRequired":true,"valueName":"search_term_string"}}],"inLanguage":"pt-BR"},{"@type":"Person","@id":"https:\/\/wp.ufpel.edu.br\/ppgcem\/pt\/#\/schema\/person\/59c8efca84fc9005be03d012e9bc9047","name":"PPGCEM","image":{"@type":"ImageObject","inLanguage":"pt-BR","@id":"https:\/\/wp.ufpel.edu.br\/ppgcem\/pt\/#\/schema\/person\/image\/","url":"https:\/\/secure.gravatar.com\/avatar\/10369c3739fe844abd431df01236c55859a847df22de9e794c304366510b1860?s=96&d=mm&r=g","contentUrl":"https:\/\/secure.gravatar.com\/avatar\/10369c3739fe844abd431df01236c55859a847df22de9e794c304366510b1860?s=96&d=mm&r=g","caption":"PPGCEM"}}]}},"jetpack_publicize_connections":[],"jetpack_featured_media_url":"","jetpack_sharing_enabled":true,"jetpack_shortlink":"https:\/\/wp.me\/p8zk0j-GC","_links":{"self":[{"href":"https:\/\/wp.ufpel.edu.br\/ppgcem\/wp-json\/wp\/v2\/posts\/2642","targetHints":{"allow":["GET"]}}],"collection":[{"href":"https:\/\/wp.ufpel.edu.br\/ppgcem\/wp-json\/wp\/v2\/posts"}],"about":[{"href":"https:\/\/wp.ufpel.edu.br\/ppgcem\/wp-json\/wp\/v2\/types\/post"}],"author":[{"embeddable":true,"href":"https:\/\/wp.ufpel.edu.br\/ppgcem\/wp-json\/wp\/v2\/users\/370"}],"replies":[{"embeddable":true,"href":"https:\/\/wp.ufpel.edu.br\/ppgcem\/wp-json\/wp\/v2\/comments?post=2642"}],"version-history":[{"count":6,"href":"https:\/\/wp.ufpel.edu.br\/ppgcem\/wp-json\/wp\/v2\/posts\/2642\/revisions"}],"predecessor-version":[{"id":2696,"href":"https:\/\/wp.ufpel.edu.br\/ppgcem\/wp-json\/wp\/v2\/posts\/2642\/revisions\/2696"}],"wp:attachment":[{"href":"https:\/\/wp.ufpel.edu.br\/ppgcem\/wp-json\/wp\/v2\/media?parent=2642"}],"wp:term":[{"taxonomy":"category","embeddable":true,"href":"https:\/\/wp.ufpel.edu.br\/ppgcem\/wp-json\/wp\/v2\/categories?post=2642"},{"taxonomy":"post_tag","embeddable":true,"href":"https:\/\/wp.ufpel.edu.br\/ppgcem\/wp-json\/wp\/v2\/tags?post=2642"}],"curies":[{"name":"wp","href":"https:\/\/api.w.org\/{rel}","templated":true}]}}