{"id":6976,"date":"2026-04-07T10:51:56","date_gmt":"2026-04-07T13:51:56","guid":{"rendered":"https:\/\/wp.ufpel.edu.br\/ppgcamb\/?p=6976"},"modified":"2026-04-07T10:51:56","modified_gmt":"2026-04-07T13:51:56","slug":"candidatos-homologados-aluno-especial-2026-1","status":"publish","type":"post","link":"https:\/\/wp.ufpel.edu.br\/ppgcamb\/2026\/04\/07\/candidatos-homologados-aluno-especial-2026-1\/","title":{"rendered":"Candidatos homologados ALUNO ESPECIAL 2026\/1"},"content":{"rendered":"<p><strong>Alunos Homologados e matriculados relativo ao EDITAL N\u00ba 12\/2026 (Edital de Aluno Especial 2026\/1)<\/strong><\/p>\n<p>&nbsp;<\/p>\n<table dir=\"ltr\" style=\"height: 519px;\" border=\"1\" width=\"655\" cellspacing=\"0\" cellpadding=\"0\" data-sheets-root=\"1\" data-sheets-baot=\"1\">\n<colgroup>\n<col width=\"100\" \/>\n<col width=\"180\" \/><\/colgroup>\n<tbody>\n<tr>\n<td style=\"width: 231.217px; text-align: center;\"><strong>Discente<\/strong><\/td>\n<td style=\"width: 417.783px; text-align: center;\"><strong>Disciplina<\/strong><\/td>\n<\/tr>\n<tr>\n<td style=\"width: 231.217px;\">Alexandre Correa<\/td>\n<td style=\"width: 417.783px;\">T\u00f3picos Especiais em Tecnologias Aplicadas ao Meio Ambiente Sustent\u00e1vel Tem\u00e1tica Materiais Lignocelul\u00f3sicos ; Ci\u00eancias Ambientais I<\/td>\n<\/tr>\n<tr>\n<td style=\"width: 231.217px;\">Marcia Oleiro<\/td>\n<td style=\"width: 417.783px;\">Ci\u00eancias Ambientais I; Sustentabilidade e Gest\u00e3o Ambiental<\/td>\n<\/tr>\n<tr>\n<td style=\"width: 231.217px;\">Gabriel Rubem da Rocha<\/td>\n<td style=\"width: 417.783px;\">Ci\u00eancias Ambientais I; Materiais e Tecnologias Sustent\u00e1veis<\/td>\n<\/tr>\n<tr>\n<td style=\"width: 231.217px;\">Patr\u00edcia Borba Pereia<\/td>\n<td style=\"width: 417.783px;\">Gerenciamento e Tratamento de Res\u00edduos S\u00f3lidos<\/td>\n<\/tr>\n<tr>\n<td style=\"width: 231.217px;\">Carolina Silveira<\/td>\n<td style=\"width: 417.783px;\">Ci\u00eancias Ambientais I e Sustentabilidade e Gest\u00e3o Ambiental<\/td>\n<\/tr>\n<\/tbody>\n<\/table>\n<p><\/p>\n","protected":false},"excerpt":{"rendered":"<p>Alunos Homologados e matriculados relativo ao EDITAL N\u00ba 12\/2026 (Edital de Aluno Especial 2026\/1) &nbsp; Discente Disciplina Alexandre Correa T\u00f3picos Especiais em Tecnologias Aplicadas ao Meio Ambiente Sustent\u00e1vel Tem\u00e1tica Materiais Lignocelul\u00f3sicos ; Ci\u00eancias Ambientais I Marcia Oleiro Ci\u00eancias Ambientais I; Sustentabilidade e Gest\u00e3o Ambiental Gabriel Rubem da Rocha Ci\u00eancias Ambientais I; Materiais e Tecnologias Sustent\u00e1veis [&hellip;]<\/p>\n","protected":false},"author":707,"featured_media":0,"comment_status":"closed","ping_status":"closed","sticky":false,"template":"","format":"standard","meta":{"footnotes":""},"categories":[1],"tags":[],"class_list":["post-6976","post","type-post","status-publish","format-standard","hentry","category-noticias"],"jetpack_featured_media_url":"","_links":{"self":[{"href":"https:\/\/wp.ufpel.edu.br\/ppgcamb\/wp-json\/wp\/v2\/posts\/6976","targetHints":{"allow":["GET"]}}],"collection":[{"href":"https:\/\/wp.ufpel.edu.br\/ppgcamb\/wp-json\/wp\/v2\/posts"}],"about":[{"href":"https:\/\/wp.ufpel.edu.br\/ppgcamb\/wp-json\/wp\/v2\/types\/post"}],"author":[{"embeddable":true,"href":"https:\/\/wp.ufpel.edu.br\/ppgcamb\/wp-json\/wp\/v2\/users\/707"}],"replies":[{"embeddable":true,"href":"https:\/\/wp.ufpel.edu.br\/ppgcamb\/wp-json\/wp\/v2\/comments?post=6976"}],"version-history":[{"count":1,"href":"https:\/\/wp.ufpel.edu.br\/ppgcamb\/wp-json\/wp\/v2\/posts\/6976\/revisions"}],"predecessor-version":[{"id":6978,"href":"https:\/\/wp.ufpel.edu.br\/ppgcamb\/wp-json\/wp\/v2\/posts\/6976\/revisions\/6978"}],"wp:attachment":[{"href":"https:\/\/wp.ufpel.edu.br\/ppgcamb\/wp-json\/wp\/v2\/media?parent=6976"}],"wp:term":[{"taxonomy":"category","embeddable":true,"href":"https:\/\/wp.ufpel.edu.br\/ppgcamb\/wp-json\/wp\/v2\/categories?post=6976"},{"taxonomy":"post_tag","embeddable":true,"href":"https:\/\/wp.ufpel.edu.br\/ppgcamb\/wp-json\/wp\/v2\/tags?post=6976"}],"curies":[{"name":"wp","href":"https:\/\/api.w.org\/{rel}","templated":true}]}}