{"id":6879,"date":"2026-03-18T15:17:25","date_gmt":"2026-03-18T18:17:25","guid":{"rendered":"https:\/\/wp.ufpel.edu.br\/ppgcamb\/?p=6879"},"modified":"2026-03-18T15:31:27","modified_gmt":"2026-03-18T18:31:27","slug":"aula-inaugural-2026-1-do-programa-de-pos-graduacao-em-ciencias-ambientais","status":"publish","type":"post","link":"https:\/\/wp.ufpel.edu.br\/ppgcamb\/2026\/03\/18\/aula-inaugural-2026-1-do-programa-de-pos-graduacao-em-ciencias-ambientais\/","title":{"rendered":"Aula Inaugural 2026\/1 do Programa de P\u00f3s-Gradua\u00e7\u00e3o em Ci\u00eancias Ambientais"},"content":{"rendered":"<p><strong>Data:<\/strong> 26 de mar\u00e7o de 2026 (quinta-feira)<br \/>\n<strong>Hor\u00e1rio:<\/strong> 14h<br \/>\n<strong>Local:<\/strong> Sala 303 do CEng<\/p>\n<p>Ser\u00e1 realizada uma palestra geral de apresenta\u00e7\u00e3o do Programa de P\u00f3s-Gradua\u00e7\u00e3o em Ci\u00eancias Ambientais (PPGCAmb\/UFPel).<\/p>\n<p>Neste encontro, ser\u00e3o abordadas informa\u00e7\u00f5es essenciais sobre:<\/p>\n<p>&#8211; O <strong>funcionamento<\/strong> dos cursos de <strong>Mestrado<\/strong> e <strong>Doutorado<\/strong>;<\/p>\n<p>&#8211; <strong>Deveres<\/strong>, <strong>direitos<\/strong> e <strong>obriga\u00e7\u00f5es<\/strong> dos <strong>discentes<\/strong>;<\/p>\n<p>&#8211; Procedimentos de <strong>matr\u00edcula<\/strong>, registro de orienta\u00e7\u00f5es e <strong>atividades complementares<\/strong>;<\/p>\n<p>&#8211; <strong>Estrutura curricular<\/strong> e expectativas de <strong>desempenho acad\u00eamico<\/strong>.<\/p>\n<p>&#8211;&gt; Trata-se de um momento de integra\u00e7\u00e3o e esclarecimento, fundamental para o in\u00edcio das atividades no Programa.<\/p>\n","protected":false},"excerpt":{"rendered":"<p>Data: 26 de mar\u00e7o de 2026 (quinta-feira) Hor\u00e1rio: 14h Local: Sala 303 do CEng Ser\u00e1 realizada uma palestra geral de apresenta\u00e7\u00e3o do Programa de P\u00f3s-Gradua\u00e7\u00e3o em Ci\u00eancias Ambientais (PPGCAmb\/UFPel). Neste encontro, ser\u00e3o abordadas informa\u00e7\u00f5es essenciais sobre: &#8211; O funcionamento dos cursos de Mestrado e Doutorado; &#8211; Deveres, direitos e obriga\u00e7\u00f5es dos discentes; &#8211; Procedimentos de [&hellip;]<\/p>\n","protected":false},"author":707,"featured_media":0,"comment_status":"closed","ping_status":"closed","sticky":false,"template":"","format":"standard","meta":{"footnotes":""},"categories":[1],"tags":[],"class_list":["post-6879","post","type-post","status-publish","format-standard","hentry","category-noticias"],"jetpack_featured_media_url":"","_links":{"self":[{"href":"https:\/\/wp.ufpel.edu.br\/ppgcamb\/wp-json\/wp\/v2\/posts\/6879","targetHints":{"allow":["GET"]}}],"collection":[{"href":"https:\/\/wp.ufpel.edu.br\/ppgcamb\/wp-json\/wp\/v2\/posts"}],"about":[{"href":"https:\/\/wp.ufpel.edu.br\/ppgcamb\/wp-json\/wp\/v2\/types\/post"}],"author":[{"embeddable":true,"href":"https:\/\/wp.ufpel.edu.br\/ppgcamb\/wp-json\/wp\/v2\/users\/707"}],"replies":[{"embeddable":true,"href":"https:\/\/wp.ufpel.edu.br\/ppgcamb\/wp-json\/wp\/v2\/comments?post=6879"}],"version-history":[{"count":3,"href":"https:\/\/wp.ufpel.edu.br\/ppgcamb\/wp-json\/wp\/v2\/posts\/6879\/revisions"}],"predecessor-version":[{"id":6883,"href":"https:\/\/wp.ufpel.edu.br\/ppgcamb\/wp-json\/wp\/v2\/posts\/6879\/revisions\/6883"}],"wp:attachment":[{"href":"https:\/\/wp.ufpel.edu.br\/ppgcamb\/wp-json\/wp\/v2\/media?parent=6879"}],"wp:term":[{"taxonomy":"category","embeddable":true,"href":"https:\/\/wp.ufpel.edu.br\/ppgcamb\/wp-json\/wp\/v2\/categories?post=6879"},{"taxonomy":"post_tag","embeddable":true,"href":"https:\/\/wp.ufpel.edu.br\/ppgcamb\/wp-json\/wp\/v2\/tags?post=6879"}],"curies":[{"name":"wp","href":"https:\/\/api.w.org\/{rel}","templated":true}]}}