{"id":5704,"date":"2024-11-30T20:02:52","date_gmt":"2024-11-30T23:02:52","guid":{"rendered":"https:\/\/wp.ufpel.edu.br\/ppgcamb\/?p=5704"},"modified":"2024-11-30T20:02:52","modified_gmt":"2024-11-30T23:02:52","slug":"ppgcamb-da-ufpel-aprova-novos-projetos-de-internacionalizacao-com-apoio-do-cnpq","status":"publish","type":"post","link":"https:\/\/wp.ufpel.edu.br\/ppgcamb\/2024\/11\/30\/ppgcamb-da-ufpel-aprova-novos-projetos-de-internacionalizacao-com-apoio-do-cnpq\/","title":{"rendered":"PPGCAmb da UFPel Aprova Novos Projetos de Internacionaliza\u00e7\u00e3o com Apoio do CNPq"},"content":{"rendered":"<p>O Programa de P\u00f3s-Gradua\u00e7\u00e3o em Ci\u00eancias Ambientais (PPGCAmb) da Universidade Federal de Pelotas (UFPel) celebra a aprova\u00e7\u00e3o de mais um projeto de internacionaliza\u00e7\u00e3o na Chamada P\u00fablica MCTI\/CNPq N\u00ba 16\/2024 &#8211; Faixa 1: Projetos em Coopera\u00e7\u00e3o Internacional.<\/p>\n<p>O professor Willian Nadaleti, do PPGCAmb, obteve a aprova\u00e7\u00e3o de um novo projeto de internacionaliza\u00e7\u00e3o Brasil\/Europa, com financiamento do CNPq. Esse financiamento garantir\u00e1 diversas modalidades de bolsas no exterior, incluindo duas bolsas de doutorado sandu\u00edche, uma bolsa de p\u00f3s-doutorado, uma bolsa s\u00eanior para desenvolvimento tecnol\u00f3gico e inova\u00e7\u00e3o, al\u00e9m de verba de custeio para visitas cient\u00edficas \u00e0 Europa. A concess\u00e3o e a elevada nota atribu\u00edda ao projeto foram justificadas pelo CNPq devido ao seu expl\u00edcito m\u00e9rito cient\u00edfico e tecnol\u00f3gico, alinhado diretamente \u00e0s demandas brasileiras e globais. O projeto visa &#8220;novas solu\u00e7\u00f5es tecnol\u00f3gicas para quest\u00f5es relacionadas \u00e0 transi\u00e7\u00e3o energ\u00e9tica, com foco no uso de combust\u00edveis de carbono zero e baixo carbono&#8221;. Segundo o CNPq, o projeto foi minuciosamente apresentado e respaldado por pesquisas anteriores realizadas pelo professor Nadaleti na UFPel. A aprova\u00e7\u00e3o de mais um projeto internacional refor\u00e7a o compromisso do professor e sua equipe com o avan\u00e7o cient\u00edfico, tecnol\u00f3gico e a visibilidade da UFPel, al\u00e9m de proporcionar aos p\u00f3s-graduandos a oportunidade de desenvolverem seus estudos na Europa.<\/p>\n<p>Al\u00e9m disso, o professor Fl\u00e1vio Manoel Rodrigues da Silva J\u00fanior, coordenador de outro projeto, teve a aprova\u00e7\u00e3o de seu estudo intitulado <strong>&#8220;Impacto de contaminantes ambientais sobre organismos do solo no contexto das mudan\u00e7as clim\u00e1ticas&#8221;<\/strong>, tamb\u00e9m na Chamada P\u00fablica MCTI\/CNPq N\u00ba 16\/2024 &#8211; Faixa 1: Projetos em Coopera\u00e7\u00e3o Internacional.<\/p>\n<p>Este projeto, coordenado pelo professor Fl\u00e1vio Manoel Rodrigues da Silva J\u00fanior, busca entender como contaminantes qu\u00edmicos, combinados ao aumento da temperatura, impactam a resili\u00eancia dos organismos do solo, essenciais para o equil\u00edbrio ecol\u00f3gico. O estudo inovador empregar\u00e1 tecnologias de intelig\u00eancia artificial para modelar cen\u00e1rios clim\u00e1ticos futuros e simular condi\u00e7\u00f5es ambientais extremas.<\/p>\n<p>A pesquisa ser\u00e1 realizada em parceria com institui\u00e7\u00f5es brasileiras, como a UFT e a UFSC, e no exterior, incluindo a Universidade de Coimbra, em Portugal, e a Universidad Cat\u00f3lica de Santa Fe, na Argentina. O projeto contar\u00e1 com a colabora\u00e7\u00e3o de especialistas em ecotoxicologia e ci\u00eancias do solo.<\/p>\n<p>O apoio financeiro de R$ 227.455,02 viabilizar\u00e1 o desenvolvimento de atividades em laborat\u00f3rio e experimentos de campo, al\u00e9m de fomentar a forma\u00e7\u00e3o de novos pesquisadores por meio de bolsas de doutorado sandu\u00edche e p\u00f3s-doutorado no exterior.<\/p>\n<p>A aprova\u00e7\u00e3o deste projeto pelo CNPq reflete a qualidade e relev\u00e2ncia das pesquisas desenvolvidas no PPGCAmb da UFPel. Com um financiamento robusto e parcerias internacionais de destaque, os projetos n\u00e3o s\u00f3 contribuem para o avan\u00e7o cient\u00edfico e tecnol\u00f3gico, mas tamb\u00e9m abrem portas para o fortalecimento de redes de pesquisa globais, promovendo o desenvolvimento sustent\u00e1vel e a forma\u00e7\u00e3o de novos pesquisadores em um cen\u00e1rio de grandes desafios ambientais.<\/p>\n<p><img class=\"alignnone size-medium wp-image-5706\" src=\"https:\/\/wp.ufpel.edu.br\/ppgcamb\/files\/2024\/11\/WhatsApp-Image-2024-11-30-at-17.39.53-300x400.jpeg\" alt=\"\" width=\"300\" height=\"400\" srcset=\"https:\/\/wp.ufpel.edu.br\/ppgcamb\/files\/2024\/11\/WhatsApp-Image-2024-11-30-at-17.39.53-300x400.jpeg 300w, https:\/\/wp.ufpel.edu.br\/ppgcamb\/files\/2024\/11\/WhatsApp-Image-2024-11-30-at-17.39.53-768x1024.jpeg 768w, https:\/\/wp.ufpel.edu.br\/ppgcamb\/files\/2024\/11\/WhatsApp-Image-2024-11-30-at-17.39.53-1152x1536.jpeg 1152w, https:\/\/wp.ufpel.edu.br\/ppgcamb\/files\/2024\/11\/WhatsApp-Image-2024-11-30-at-17.39.53.jpeg 1200w\" sizes=\"(max-width: 300px) 100vw, 300px\" \/> <img class=\"alignnone size-medium wp-image-5707\" src=\"https:\/\/wp.ufpel.edu.br\/ppgcamb\/files\/2024\/11\/WhatsApp-Image-2024-11-30-at-18.53.53-300x400.jpeg\" alt=\"\" width=\"300\" height=\"400\" srcset=\"https:\/\/wp.ufpel.edu.br\/ppgcamb\/files\/2024\/11\/WhatsApp-Image-2024-11-30-at-18.53.53-300x400.jpeg 300w, https:\/\/wp.ufpel.edu.br\/ppgcamb\/files\/2024\/11\/WhatsApp-Image-2024-11-30-at-18.53.53-768x1024.jpeg 768w, https:\/\/wp.ufpel.edu.br\/ppgcamb\/files\/2024\/11\/WhatsApp-Image-2024-11-30-at-18.53.53-1152x1536.jpeg 1152w, https:\/\/wp.ufpel.edu.br\/ppgcamb\/files\/2024\/11\/WhatsApp-Image-2024-11-30-at-18.53.53.jpeg 1200w\" sizes=\"(max-width: 300px) 100vw, 300px\" \/><\/p>\n","protected":false},"excerpt":{"rendered":"<p>O Programa de P\u00f3s-Gradua\u00e7\u00e3o em Ci\u00eancias Ambientais (PPGCAmb) da Universidade Federal de Pelotas (UFPel) celebra a aprova\u00e7\u00e3o de mais um projeto de internacionaliza\u00e7\u00e3o na Chamada P\u00fablica MCTI\/CNPq N\u00ba 16\/2024 &#8211; Faixa 1: Projetos em Coopera\u00e7\u00e3o Internacional. O professor Willian Nadaleti, do PPGCAmb, obteve a aprova\u00e7\u00e3o de um novo projeto de internacionaliza\u00e7\u00e3o Brasil\/Europa, com financiamento do [&hellip;]<\/p>\n","protected":false},"author":707,"featured_media":0,"comment_status":"closed","ping_status":"closed","sticky":false,"template":"","format":"standard","meta":{"footnotes":""},"categories":[1],"tags":[],"class_list":["post-5704","post","type-post","status-publish","format-standard","hentry","category-noticias"],"jetpack_featured_media_url":"","_links":{"self":[{"href":"https:\/\/wp.ufpel.edu.br\/ppgcamb\/wp-json\/wp\/v2\/posts\/5704","targetHints":{"allow":["GET"]}}],"collection":[{"href":"https:\/\/wp.ufpel.edu.br\/ppgcamb\/wp-json\/wp\/v2\/posts"}],"about":[{"href":"https:\/\/wp.ufpel.edu.br\/ppgcamb\/wp-json\/wp\/v2\/types\/post"}],"author":[{"embeddable":true,"href":"https:\/\/wp.ufpel.edu.br\/ppgcamb\/wp-json\/wp\/v2\/users\/707"}],"replies":[{"embeddable":true,"href":"https:\/\/wp.ufpel.edu.br\/ppgcamb\/wp-json\/wp\/v2\/comments?post=5704"}],"version-history":[{"count":1,"href":"https:\/\/wp.ufpel.edu.br\/ppgcamb\/wp-json\/wp\/v2\/posts\/5704\/revisions"}],"predecessor-version":[{"id":5708,"href":"https:\/\/wp.ufpel.edu.br\/ppgcamb\/wp-json\/wp\/v2\/posts\/5704\/revisions\/5708"}],"wp:attachment":[{"href":"https:\/\/wp.ufpel.edu.br\/ppgcamb\/wp-json\/wp\/v2\/media?parent=5704"}],"wp:term":[{"taxonomy":"category","embeddable":true,"href":"https:\/\/wp.ufpel.edu.br\/ppgcamb\/wp-json\/wp\/v2\/categories?post=5704"},{"taxonomy":"post_tag","embeddable":true,"href":"https:\/\/wp.ufpel.edu.br\/ppgcamb\/wp-json\/wp\/v2\/tags?post=5704"}],"curies":[{"name":"wp","href":"https:\/\/api.w.org\/{rel}","templated":true}]}}